{"id":7436,"date":"2017-07-03T00:00:00","date_gmt":"2017-07-03T00:00:00","guid":{"rendered":"http:\/\/www.blog.sztateszt.7digits.net\/a-beszallito-kkv-knak-kedvez-a-biztato-autoipari-beruhazasi-kedv\/"},"modified":"2017-07-03T00:00:00","modified_gmt":"2017-07-03T00:00:00","slug":"a-beszallito-kkv-knak-kedvez-a-biztato-autoipari-beruhazasi-kedv","status":"publish","type":"blog","link":"https:\/\/szta.hu\/en\/blog\/a-beszallito-kkv-knak-kedvez-a-biztato-autoipari-beruhazasi-kedv\/","title":{"rendered":"A besz\u00e1ll\u00edt\u00f3 kkv-knak kedvez a biztat\u00f3 aut\u00f3ipari beruh\u00e1z\u00e1si kedv"},"content":{"rendered":"<p><strong><img fetchpriority=\"high\" decoding=\"async\" class=\"alignleft size-medium wp-image-11651\" src=\"https:\/\/szta.hu\/wp-content\/uploads\/2017\/06\/autoipar_beruhazas-300x198.jpg\" alt=\"\" width=\"300\" height=\"198\" \/>Magyarorsz\u00e1g egyre fontosabb j\u00e1rm\u0171ipari, aut\u00f3alkatr\u00e9sz-gy\u00e1rt\u00e1si k\u00f6zpontnak sz\u00e1m\u00edt a r\u00e9gi\u00f3ban, GDP-j\u00e9nek k\u00f6zel 5 sz\u00e1zal\u00e9ka sz\u00e1rmazik j\u00e1rm\u0171gy\u00e1rt\u00e1sb\u00f3l. Szerepe fontoss\u00e1g\u00e1t jelzi, hogy 2016-ban g\u00e9pj\u00e1rm\u0171gy\u00e1rt\u00e1sban a vil\u00e1g els\u0151 25 orsz\u00e1ga k\u00f6z\u00f6tt foglalt helyet. Az magyar aut\u00f3ipar ek\u00f6zben folyamatosan fejl\u0151dik, termel\u00e9si \u00e9rt\u00e9ke tavaly p\u00e9ld\u00e1ul rekord\u00f6sszegre, eg\u00e9sz pontosan 7874 milli\u00e1rd forintra <a href=\"https:\/\/mfor.hu\/cikkek\/vallalatok\/Bovit_Magyarorszagon_az_Audi.html\" target=\"_blank\" rel=\"noopener nofollow\">n\u0151tt<\/a><\/strong><strong>. Ugyan m\u00e9g csak az \u00e9v k\u00f6zep\u00e9n j\u00e1runk, m\u00e1ris sz\u00e1mos aut\u00f3ipari beruh\u00e1z\u00e1st jelentettek be, amely tov\u00e1bb n\u00f6velheti a termel\u00e9st, ez\u00e1ltal pedig a nagy aut\u00f3ipari v\u00e1llalatok besz\u00e1ll\u00edt\u00f3ik\u00e9nt m\u0171k\u00f6d\u0151 kkv-k versenyk\u00e9pess\u00e9g\u00e9t.<\/strong>  Az aut\u00f3ipar tavalyi, rekord\u00f6sszeg\u0171 termel\u00e9si \u00e9rt\u00e9ke r\u00e9v\u00e9n az <a href=\"https:\/\/mfor.hu\/cikkek\/vallalatok\/5_milliardos_gyarbovites_lesz_Szolnokon.html\" target=\"_blank\" rel=\"noopener nofollow\">ipar\u00e1g<\/a> a teljes feldolgoz\u00f3iparnak m\u00e1r a 30,1 sz\u00e1zal\u00e9k\u00e1t teszi ki. A szektor t\u00f6bb mint 155 ezer embert foglalkoztat. Amellett, hogy a gazdas\u00e1g brutt\u00f3 hozz\u00e1adott \u00e9rt\u00e9k\u00e9nek mintegy 5 sz\u00e1zal\u00e9k\u00e1t adja, stabiliz\u00e1lja a hozz\u00e1 kapcsol\u00f3d\u00f3 ipar\u00e1gakat, \u00edgy a vas- \u00e9s f\u00e9mipart vagy az elektronikai ipart is. Az ipar\u00e1g <a href=\"https:\/\/szta.hu\/blog\/hazai-ipari-termeles-noveleseben-kiemelt-szerepe-lesz-az-autoipari-beszallitok-tamogatasanak\/\" target=\"_blank\" rel=\"noopener\">fellend\u00fcl\u00e9se<\/a> emellett a besz\u00e1ll\u00edt\u00f3 kkv-kra is rendk\u00edv\u00fcl pozit\u00edv hat\u00e1ssal van, az er\u0151s besz\u00e1ll\u00edt\u00f3i k\u00f6r pedig tov\u00e1bbi beruh\u00e1z\u00e1sokat, fejleszt\u00e9seket k\u00e9pes vonzani Magyarorsz\u00e1gra.  A fenti sz\u00e1mok id\u00e9n v\u00e1rhat\u00f3an tov\u00e1bb fognak n\u00f6vekedni, k\u00f6sz\u00f6nhet\u0151en a nemr\u00e9g bejelentett beruh\u00e1z\u00e1soknak. A n\u00f6veked\u00e9s m\u00e1r az idei els\u0151 negyed\u00e9vben 5,2 sz\u00e1zal\u00e9kos volt, \u00a0az ar\u00e1ny pedig ak\u00e1r m\u00e9g tov\u00e1bb n\u0151het az \u00e9v h\u00e1tral\u00e9v\u0151 r\u00e9sz\u00e9ben. Mivel az ipar\u00e1g fejleszt\u00e9se kiemelt nemzetgazdas\u00e1gi c\u00e9l, a korm\u00e1ny sz\u00e1mos programon kereszt\u00fcl t\u00e1mogatja az aut\u00f3ipari v\u00e1llalkoz\u00e1sok fejleszt\u00e9seit, beruh\u00e1z\u00e1sait \u00e9s terjeszked\u00e9s\u00e9t.  T\u0151kefinansz\u00edroz\u00e1si oldalr\u00f3l p\u00e9ld\u00e1ul hamarosan elindul az Irinyi Iparfejleszt\u00e9si Alap, amely az Irinyi Terv kiemelt szektoraiban \u2013 k\u00f6zt\u00fck a j\u00e1rm\u0171gy\u00e1rt\u00e1sban \u2013 tev\u00e9kenyked\u0151 kkv-kat seg\u00edti \u00f6n\u00e1ll\u00f3 n\u00f6veked\u00e9si p\u00e1ly\u00e1ra \u00e1ll\u00edtani, egyben olyan besz\u00e1ll\u00edt\u00f3 v\u00e1llalkoz\u00e1ss\u00e1 v\u00e1lni, amely magas hozz\u00e1adott \u00e9rt\u00e9k\u0171 term\u00e9keivel \u00e9s szolg\u00e1ltat\u00e1saival tudja kiszolg\u00e1lni Magyarorsz\u00e1g vagy a r\u00e9gi\u00f3 aut\u00f3ipari v\u00e1llalatait. A versenyk\u00e9pes besz\u00e1ll\u00edt\u00f3 c\u00e9gekre pedig sz\u00fcks\u00e9g lesz itthon, ugyanis folyamatosak a nagyberuh\u00e1z\u00e1sok az eg\u00e9sz orsz\u00e1gban.  Az \u00e9v elej\u00e9n p\u00e9ld\u00e1ul a spanyol j\u00e1rm\u0171ipari alkatr\u00e9szgy\u00e1rt\u00f3, az F. Segura Hung\u00e1ria Kft. jelentette be, hogy mintegy 5,3 milli\u00e1rd forintb\u00f3l <a href=\"https:\/\/mfor.hu\/cikkek\/vallalatok\/5_milliardos_gyarbovites_lesz_Szolnokon.html\" target=\"_blank\" rel=\"noopener nofollow\">b\u0151v\u00edti<\/a> szolnoki gy\u00e1r\u00e1t. A korm\u00e1ny 680 milli\u00f3 forint t\u00e1mogat\u00e1st ny\u00fajt a beruh\u00e1z\u00e1shoz. A Segura sz\u00e1mos aut\u00f3m\u00e1rka \u2013 \u00edgy p\u00e9ld\u00e1ul az Audi, a BMW, a Mercedes vagy a Porsche \u2013 sz\u00e1m\u00e1ra motorhoz \u00e9s aut\u00f3karossz\u00e9ria-elemekhez tartoz\u00f3 f\u00e9m alkatr\u00e9szeket gy\u00e1rt. A spanyol v\u00e1llalat els\u0151 k\u00fclf\u00f6ldi termel\u0151\u00fczem\u00e9t Szolnokon hozta l\u00e9tre, amely a c\u00e9g jelent\u0151s m\u00e9rt\u00e9k\u0171 n\u00f6veked\u00e9s\u00e9t l\u00e1tva j\u00f3 d\u00f6nt\u00e9snek bizonyult. [post_newsletter title=&#8221;Iratkozzon fel h\u00edrlevel\u00fcnkre!&#8221;][\/post_newsletter] M\u00e1rciusban hasonl\u00f3k\u00e9ppen t\u00f6bb nagy aut\u00f3ipari beruh\u00e1z\u00e1st jelentettek be. A n\u00e9met aut\u00f3ipari besz\u00e1ll\u00edt\u00f3 c\u00e9g, az ElringKlinger 6,5 milli\u00e1rd forint \u00e9rt\u00e9k\u0171 beruh\u00e1z\u00e1ssal <a href=\"https:\/\/mfor.hu\/cikkek\/vallalatok\/6_5_milliardbol_epul_uj_gyar_Kecskemeten.html\" target=\"_blank\" rel=\"noopener nofollow\">\u00e9p\u00edt<\/a> \u00faj gy\u00e1rat Kecskem\u00e9ten. A beruh\u00e1z\u00e1s 2017 v\u00e9g\u00e9re val\u00f3sul meg, ezut\u00e1n az \u00faj, 10 ezer n\u00e9gyzetm\u00e9teres termel\u0151\u00fczemben megkezd\u0151dhet a g\u00e9pj\u00e1rm\u0171vek alkatr\u00e9szeihez tartoz\u00f3 h\u0151v\u00e9d\u0151pajzsok sorozatgy\u00e1rt\u00e1sa. Emellett a ZF Hung\u00e1ria Kft. aut\u00f3ipari besz\u00e1ll\u00edt\u00f3 c\u00e9g egri gy\u00e1r\u00e1nak tev\u00e9kenys\u00e9ge szem\u00e9lyg\u00e9pj\u00e1rm\u0171vekbe gy\u00e1rtott nyolcsebess\u00e9ges automata sebess\u00e9gv\u00e1lt\u00f3k el\u0151\u00e1ll\u00edt\u00e1s\u00e1val b\u0151v\u00fcl legal\u00e1bb 770 \u00faj munkahelyet <a href=\"https:\/\/mfor.hu\/cikkek\/vallalatok\/770_uj_munkahelyet_hoz_letre_Magyarorszagon_a_ZF.html\" target=\"_blank\" rel=\"noopener nofollow\">l\u00e9trehozva<\/a>.  M\u00e1jusban a hazai kipufog\u00f3gy\u00e1rt\u00e1s fellend\u00fcl\u00e9s\u00e9r\u0151l lehetett olvasni, ugyanis a magyar korm\u00e1ny strat\u00e9giai meg\u00e1llapod\u00e1st <a href=\"https:\/\/mfor.hu\/cikkek\/vallalatok\/9_milliardbol_modernizaljak_a_kipufogogyartast_Oroszlanyban_a_kinaiak.html\" target=\"_blank\" rel=\"noopener nofollow\">k\u00f6t\u00f6tt<\/a> a k\u00ednai Csungkingban a vil\u00e1g legnagyobb kipufog\u00f3gy\u00e1rt\u00f3j\u00e1val. A Bohong-csoport 9 milli\u00e1rd forintos beruh\u00e1z\u00e1st hajt v\u00e9gre Magyarorsz\u00e1gon, amelynek eredm\u00e9nyek\u00e9pp a legmodernebb kipufog\u00f3gy\u00e1rt\u00f3 technol\u00f3gi\u00e1t telep\u00edtik Oroszl\u00e1nyba. Ezzel a legnagyobb k\u00ednai aut\u00f3ipari beruh\u00e1z\u00e1s val\u00f3sul meg Magyarorsz\u00e1gon.  Az Audi is bejelentette, hogy <a href=\"https:\/\/mfor.hu\/cikkek\/vallalatok\/Bovit_Magyarorszagon_az_Audi.html\" target=\"_blank\" rel=\"noopener nofollow\">b\u0151v\u00edt<\/a> Magyarorsz\u00e1gon. Az elektromotorok \u00e9s az \u00faj j\u00e1rm\u0171modell, a Q3-as egyes elemeinek gy\u00e1rt\u00e1sa kezd\u0151dik meg haz\u00e1nkban. A fejleszt\u00e9sek tov\u00e1bb folytat\u00f3dnak, ugyanis a sorozatgy\u00e1rt\u00e1s a j\u00f6v\u0151 \u00e9vben kezd\u0151dik, m\u00edg a Q4-es t\u00edpus\u00e9 2019-ben kezd\u0151dhet meg Gy\u0151rben.  Az els\u0151 f\u00e9l\u00e9ves beruh\u00e1z\u00e1sok sz\u00e1ma \u00e9s m\u00e9rt\u00e9ke igen biztat\u00f3, \u00e9s nincs arra utal\u00f3 jel, hogy a bejelent\u00e9sek sz\u00e1ma a k\u00f6vetkez\u0151 id\u0151szakban cs\u00f6kken\u00e9snek indulna. S\u0151t, a v\u00e1rhat\u00f3an Magyarorsz\u00e1gon is egyre t\u00f6bb v\u00e1llalkoz\u00e1st <a href=\"https:\/\/szta.hu\/blog\/igy-robbanthatjak-ki-magyar-cegek-negyedik-ipari-forradalmat\/\" target=\"_blank\" rel=\"noopener\">\u00e9rint\u0151<\/a> Ipar 4.0-s fejleszt\u00e9sek \u00fajabb beruh\u00e1z\u00e1sokat fognak megk\u00f6vetelni, amelyben az innovat\u00edv startupoknak \u00e9s kisv\u00e1llalkoz\u00e1soknak kiemelt szerep\u00fck <a href=\"https:\/\/szta.hu\/blog\/nagyvallalati-vs-startup-innovacio\/\" target=\"_blank\" rel=\"noopener\">lesz<\/a>.<\/p>\n","protected":false},"featured_media":7437,"template":"","class_list":["post-7436","blog","type-blog","status-publish","has-post-thumbnail","hentry"],"acf":[],"_links":{"self":[{"href":"https:\/\/szta.hu\/en\/wp-json\/wp\/v2\/blog\/7436","targetHints":{"allow":["GET"]}}],"collection":[{"href":"https:\/\/szta.hu\/en\/wp-json\/wp\/v2\/blog"}],"about":[{"href":"https:\/\/szta.hu\/en\/wp-json\/wp\/v2\/types\/blog"}],"wp:featuredmedia":[{"embeddable":true,"href":"https:\/\/szta.hu\/en\/wp-json\/"}],"wp:attachment":[{"href":"https:\/\/szta.hu\/en\/wp-json\/wp\/v2\/media?parent=7436"}],"curies":[{"name":"wp","href":"https:\/\/api.w.org\/{rel}","templated":true}]}}