{"id":7453,"date":"2017-08-02T00:00:00","date_gmt":"2017-08-02T00:00:00","guid":{"rendered":"http:\/\/www.blog.sztateszt.7digits.net\/egyre-ismertebbek-kulfoldon-a-magyar-divatmarkak\/"},"modified":"2017-08-02T00:00:00","modified_gmt":"2017-08-02T00:00:00","slug":"egyre-ismertebbek-kulfoldon-a-magyar-divatmarkak","status":"publish","type":"blog","link":"https:\/\/szta.hu\/en\/blog\/egyre-ismertebbek-kulfoldon-a-magyar-divatmarkak\/","title":{"rendered":"Egyre ismertebbek k\u00fclf\u00f6ld\u00f6n a magyar divatm\u00e1rk\u00e1k"},"content":{"rendered":"<p><strong><img fetchpriority=\"high\" decoding=\"async\" class=\"alignleft size-medium wp-image-12321\" src=\"https:\/\/szta.hu\/wp-content\/uploads\/2017\/08\/divattervezo-300x225.jpg\" alt=\"\" width=\"300\" height=\"225\" \/>A kelet-k\u00f6z\u00e9p-eur\u00f3pai divatm\u00e1rk\u00e1k \u00fatja a nemzetk\u00f6zi siker fel\u00e9 nyugat-eur\u00f3pai t\u00e1rsaikhoz k\u00e9pest l\u00e1tsz\u00f3lag hosszabb \u00e9s r\u00f6g\u00f6sebb, a nyugati vagy az \u00e1zsiai k\u00f6z\u00f6ns\u00e9g m\u00e9g csak most kezdi megismerni a r\u00e9gi\u00f3 tervez\u0151it. Ennek eredm\u00e9nyek\u00e9nt az elm\u00falt k\u00e9t-h\u00e1rom \u00e9vben egyre t\u00f6bb magyar m\u00e1rk\u00e1r\u00f3l cikkeznek \u00e9s <a href=\"https:\/\/szta.hu\/blog\/a-vilag-legfontosabb-divatesemenyein-vesznek-reszt-az-szta-divatipari-portfoliocegei\/\" target=\"_blank\" rel=\"noopener\">egyre t\u00f6bb tehets\u00e9g kap megh\u00edv\u00e1st<\/a><\/strong><strong>\u00a0n\u00edv\u00f3s divatesem\u00e9nyekre. A szektorban egyre nagyobb n\u00f6veked\u00e9si potenci\u00e1lt l\u00e1tni, aminek k\u00f6sz\u00f6nhet\u0151en a legmeggy\u0151z\u0151bb divatc\u00e9gek is k\u00f6nnyebben tal\u00e1lhatnak t\u0151kebefektet\u0151ket. Az SZTA p\u00e9ld\u00e1ul m\u00e1r n\u00e9gy \u00e9ve \u00e9p\u00edti divatipari portf\u00f3li\u00f3j\u00e1t.<\/strong><\/p>\n<p>Az indul\u00f3, illetve n\u00e9h\u00e1ny \u00e9ve m\u0171k\u00f6d\u0151, lok\u00e1lis divatm\u00e1rk\u00e1k neh\u00e9z helyzetben vannak, mivel arr\u00f3l kell meggy\u0151zni\u00fck az els\u0151 t\u0151kebefektet\u0151j\u00fcket, hogy az 5-7 \u00e9ves befektet\u00e9s alatt folyamatosan tudnak n\u00f6vekedni, \u00fajabb megrendel\u0151ket, piacokat szerezni. Ezt a k\u00e9pess\u00e9get egyr\u00e9szt az elm\u00falt \u00e9vek eredm\u00e9nyeinek is al\u00e1 kell tudnia t\u00e1masztani, m\u00e1sr\u00e9szt ha a c\u00e9gvezet\u0151nek nincs kiforrott terve a b\u0151v\u00fcl\u00e9sre, nem is \u00e9rdemes <a href=\"https:\/\/szta.hu\/blog\/mikor-forduljon-tokebefektetohoz-egy-fiatal-divatmarka\/\" target=\"_blank\" rel=\"noopener\">kopogtatni a befektet\u0151n\u00e9l<\/a>. Az els\u0151 k\u00f6r\u00f6s befektet\u00e9s sor\u00e1n el\u00e9rt eredm\u00e9nyek nagyban hozz\u00e1seg\u00edthetik a v\u00e1llalkoz\u00e1st ahhoz, hogy ak\u00e1r nemzetk\u00f6zi befektet\u0151k is felfigyeljenek a m\u00e1rk\u00e1ra, \u00e9s lehet\u0151s\u00e9get biztos\u00edtsanak nekik a tov\u00e1bbi terjeszked\u00e9sre \u00e9s glob\u00e1lis jelenl\u00e9tre. A Sz\u00e9chenyi T\u0151kebefektet\u00e9si Alap kiterjedt divatipari portf\u00f3li\u00f3j\u00e1ban l\u00e9v\u0151 c\u00e9gek m\u00e9ret\u00fckb\u0151l \u00e9s a helyi piac korl\u00e1taib\u00f3l kifoly\u00f3lag egyel\u0151re ennek az \u00fatnak az elej\u00e9n j\u00e1rnak, de folyamatosan dolgoznak k\u00fclf\u00f6ldi ismerts\u00e9g\u00fck n\u00f6vel\u00e9s\u00e9n \u2013 nem kev\u00e9s sikerrel. Rendszeresen foglalkozik vel\u00fck a k\u00fclf\u00f6ldi m\u00e9dia, megh\u00edv\u00e1st kapnak m\u00e9rvad\u00f3 divathetekre, illetve nagy rajong\u00f3t\u00e1borral rendelkez\u0151<a href=\"https:\/\/szta.hu\/blog\/rakaptak-nemzetkozi-sztarok-az-abodi-markara-2\/\" target=\"_blank\" rel=\"noopener\"> szt\u00e1rok rekl\u00e1mozz\u00e1k term\u00e9keiket<\/a>.<\/p>\n<p>[post_newsletter title=&#8221;Iratkozzon fel h\u00edrlevel\u00fcnkre!&#8221;][\/post_newsletter]<\/p>\n<p><strong>Nemzetk\u00f6zi divatipari sikerek az elm\u00falt hetekb\u0151l, h\u00f3napokb\u00f3l<\/strong><\/p>\n<ul>\n<li>A Mercedes-Benz \u00c1ron Esztert, a nemr\u00e9g Forbes-c\u00edmlapos \u00c1ERON divatm\u00e1rka vezet\u0151 tervez\u0151j\u00e9t v\u00e1lasztotta els\u0151 magyar diz\u00e1jn-nagyk\u00f6vet\u00e9nek, \u00edgy az \u00c1ERON r\u00e9szt vehet a Mercedes-Benz Designer Exchange Programj\u00e1ban, 2018-as tavaszi\/ny\u00e1ri kollekci\u00f3jukat pedig a madridi Mercedes-Benz Fashion Weeken <a href=\"https:\/\/marieclaire.hu\/Divat\/2017\/07\/11\/Madridot-is-meghoditja-a-magyar-divatmarka\" target=\"_blank\" rel=\"noopener nofollow\">mutathatj\u00e1k be<\/a>, szeptemberben. Ugyancsak az \u00c1ERON-hoz kapcsol\u00f3dik, hogy a Material Girl Magazine interj\u00fat k\u00e9sz\u00edtett L\u00e1szl\u00f3ffy Viviennel, a m\u00e1rka \u00fcgyvezet\u0151 igazgat\u00f3j\u00e1val, aki felker\u00fclt az amerikai Forbes 30 \u00e9v alatti tehets\u00e9ges eur\u00f3pai fiatalokat felvonultat\u00f3 list\u00e1j\u00e1ra. A cikkben Magyarorsz\u00e1g <a href=\"https:\/\/material-magazine.com\/vivien-laszloffy-aeron-sustainable-hungarian-fashion\/\" target=\"_blank\" rel=\"noopener nofollow\">leg\u00edg\u00e9retesebb \u00fczletasszony\u00e1nak nevezik<\/a>.<\/li>\n<li>T\u00f6bb n\u00edv\u00f3s nemzetk\u00f6zi lapban is bemutatt\u00e1k \u00c1GNESKOV\u00c1CS magas min\u0151s\u00e9g\u0171 \u00e9s kifinomult eleganci\u00e1j\u00fa t\u00e1sk\u00e1it. A <a href=\"https:\/\/www.contemporist.com\/agneskovacs-silhouette-collection-of-womens-bags\/\" target=\"_blank\" rel=\"noopener nofollow\">Contemporist<\/a> a Silhouette kollekci\u00f3 t\u00e1sk\u00e1inak magas min\u0151s\u00e9g\u0171 b\u0151r alapanyag\u00e1t \u00e9s a magyarorsz\u00e1gi k\u00e9zm\u0171ves munk\u00e1t emelte ki, a <a href=\"https:\/\/www.instagram.com\/p\/BUKljKcD2mJ\/\" target=\"_blank\" rel=\"noopener nofollow\">Fashionista<\/a> a legmen\u0151bb b\u0151r kieg\u00e9sz\u00edt\u0151knek nevezte a PONS h\u00e1tizs\u00e1kot, \u00e9s a hollandiai <a href=\"https:\/\/www.instagram.com\/p\/BVaPQW2DcXK\/\" target=\"_blank\" rel=\"noopener nofollow\">L\u2019Officiel Hommes<\/a> is ezt az \u00c1GNESKOV\u00c1CS-darabot mutatta be has\u00e1bjain.<\/li>\n<li>A Konsanszky m\u00e1rka innovat\u00edv anyaghaszn\u00e1lat\u00e1r\u00f3l, a moshat\u00f3 b\u0151rr\u0151l a <a href=\"https:\/\/www.instagram.com\/p\/BUmF53sDtlx\/\" target=\"_blank\" rel=\"noopener nofollow\">Wonderland<\/a> magazin sz\u00e1molt be\u00a0(<a href=\"https:\/\/www.wonderlandmagazine.com\/2017\/06\/02\/konsanszky-ss17\/\" target=\"_blank\" rel=\"noopener nofollow\">online cikk<\/a>). Emellett a <a href=\"https:\/\/theculturetrip.com\/europe\/hungary\/articles\/9-fashion-designers-from-hungary\/\" target=\"_blank\" rel=\"noopener nofollow\">The Culture Trip<\/a> a Konsanszkyt a kilenc legizgalmasabb magyar divatm\u00e1rka k\u00f6z\u00e9 sorolta, szerint\u00fck is \u00e9rdemes szemmel tartani.<\/li>\n<li>Szjerdene vil\u00e1gh\u00edr\u0171 soul-jazz \u00e9nekesn\u0151 nemr\u00e9g Londonban egy <a href=\"https:\/\/www.instagram.com\/p\/BWvPmpXlpXc\/\" target=\"_blank\" rel=\"noopener nofollow\">Konsanszky-jumpsuitban l\u00e9pett fel<\/a>. Az \u00e9nekesn\u0151 tavaly \u00f3ta <a href=\"https:\/\/szta.hu\/blog\/fontos-sikereket-hozott-a-julius-a-szechenyi-tokealap-portfoliocegeinek\/\" target=\"_blank\" rel=\"noopener\">a m\u00e1rka nagyk\u00f6vete<\/a>. Szjerdene mellett Leslie Grace \u00e9nekesn\u0151 is <a href=\"https:\/\/www.instagram.com\/p\/BWI1pXnB-cH\/\" target=\"_blank\" rel=\"noopener nofollow\">Konsanszky-ruh\u00e1t v\u00e1lasztott<\/a>.<\/li>\n<li>Nem \u0151k ketten voltak az egyed\u00fcli vil\u00e1gszt\u00e1rok, aki a k\u00f6zelm\u00faltban az SZTA portf\u00f3li\u00f3c\u00e9g\u00e9nek term\u00e9keit \u00f6lt\u00f6tt\u00e9k magukra, Carrie Underwood \u00e9nekesn\u0151 a CMT Music Awardson egy <a href=\"https:\/\/www.instyle.hu\/stilus\/86063-buszkeseg-abodi-dora-kreaciojaban-vette-at-a\" target=\"_blank\" rel=\"noopener nofollow\">ABODI-ruh\u00e1ban<\/a> vette \u00e1t az \u00e9v legjobb vid\u00f3klipj\u00e9\u00e9rt j\u00e1r\u00f3 d\u00edjat.<\/li>\n<\/ul>\n<p>Az \u00fajabb t\u0151keforr\u00e1sokkal b\u0151v\u00fcl\u0151 Sz\u00e9chenyi T\u0151kebefektet\u00e9si Alap tov\u00e1bbra is v\u00e1rja azon magyar divat- \u00e9s diz\u00e1jnc\u00e9gek jelentkez\u00e9s\u00e9t, amelyek m\u00e1r rendelkeznek relev\u00e1ns piaci tapasztalattal, illetve kiforrott \u00fczleti tervvel. Az el\u0151zetes befektet\u0151i elv\u00e1r\u00e1sokr\u00f3l <a href=\"https:\/\/szta.hu\/blog\/mit-var-el-tokebefekteto-egy-divatipari-vallalkozastol\/\" target=\"_blank\" rel=\"noopener\">itt \u00edrtunk b\u0151vebben<\/a>.<\/p>\n","protected":false},"featured_media":7454,"template":"","class_list":["post-7453","blog","type-blog","status-publish","has-post-thumbnail","hentry"],"acf":[],"_links":{"self":[{"href":"https:\/\/szta.hu\/en\/wp-json\/wp\/v2\/blog\/7453","targetHints":{"allow":["GET"]}}],"collection":[{"href":"https:\/\/szta.hu\/en\/wp-json\/wp\/v2\/blog"}],"about":[{"href":"https:\/\/szta.hu\/en\/wp-json\/wp\/v2\/types\/blog"}],"wp:featuredmedia":[{"embeddable":true,"href":"https:\/\/szta.hu\/en\/wp-json\/"}],"wp:attachment":[{"href":"https:\/\/szta.hu\/en\/wp-json\/wp\/v2\/media?parent=7453"}],"curies":[{"name":"wp","href":"https:\/\/api.w.org\/{rel}","templated":true}]}}