{"id":7498,"date":"2017-11-13T00:00:00","date_gmt":"2017-11-13T00:00:00","guid":{"rendered":"http:\/\/www.blog.sztateszt.7digits.net\/milyen-forrasbol-bovitse-munkaero-allomanyat-egy-vallalkozas\/"},"modified":"2017-11-13T00:00:00","modified_gmt":"2017-11-13T00:00:00","slug":"milyen-forrasbol-bovitse-munkaero-allomanyat-egy-vallalkozas","status":"publish","type":"blog","link":"https:\/\/szta.hu\/en\/blog\/milyen-forrasbol-bovitse-munkaero-allomanyat-egy-vallalkozas\/","title":{"rendered":"Milyen forr\u00e1sb\u00f3l b\u0151v\u00edtse munkaer\u0151-\u00e1llom\u00e1ny\u00e1t egy v\u00e1llalkoz\u00e1s?"},"content":{"rendered":"<p style=\"text-align: left;\"><strong><img fetchpriority=\"high\" decoding=\"async\" class=\"size-medium wp-image-12921 alignleft\" src=\"https:\/\/szta.hu\/wp-content\/uploads\/2012\/12\/menedzsment-300x200.jpg\" alt=\"\" width=\"300\" height=\"200\" \/>A c\u00e9g(\u00e9rt\u00e9k)n\u00f6veked\u00e9s az esetek legnagyobb r\u00e9sz\u00e9ben a munkaer\u0151-\u00e1llom\u00e1ny b\u0151v\u00fcl\u00e9s\u00e9t is maga ut\u00e1n vonja, azonban nem mindegy, hogy a c\u00e9g az \u00faj poz\u00edci\u00f3k l\u00e9trehoz\u00e1s\u00e1t, munkab\u00e9reket milyen forr\u00e1sb\u00f3l finansz\u00edrozza. A k\u00fcls\u0151 forr\u00e1sok szigor\u00fa felt\u00e9telei ugyanis gyakran nagyon szigor\u00faan meghat\u00e1rozz\u00e1k, hogy azt mire lehet, \u00e9s mire nem lehet felhaszn\u00e1lni. Megn\u00e9zt\u00fck, mire kell figyelni a munkaer\u0151-\u00e1llom\u00e1ny b\u0151v\u00edt\u00e9s\u00e9nek finansz\u00edroz\u00e1s\u00e1n\u00e1l.<\/strong><!--more--><\/p>\n<p style=\"text-align: left;\">Sok esetben probl\u00e9m\u00e1t jelent a c\u00e9geknek \u2013 els\u0151sorban a kisebb p\u00e9nz\u00fcgyi kerettel rendelkez\u0151 kis- \u00e9s k\u00f6z\u00e9pv\u00e1llalkoz\u00e1soknak \u2013, hogy saj\u00e1t forr\u00e1sb\u00f3l fedezz\u00e9k \u00fajabb munkahelyek kialak\u00edt\u00e1s\u00e1t vagy a c\u00e9gstrukt\u00fara \u00e1talak\u00edt\u00e1s\u00e1t \u00e9rint\u0151 kiad\u00e1saikat, ami j\u00f3csk\u00e1n megnehez\u00edti a \u2013 munkaer\u0151-\u00e1llom\u00e1nyt is \u00e9rint\u0151 \u2013 fejleszt\u00e9seik megval\u00f3s\u00edt\u00e1s\u00e1t. Ma m\u00e1r azonban \u2013 t\u00f6bbek k\u00f6z\u00f6tt az eur\u00f3pai uni\u00f3s forr\u00e1soknak \u00e9s a priv\u00e1t t\u0151ke <a href=\"https:\/\/szta.hu\/blog\/az-szta-rugalmas-es-transzparens-megoldast-kinal-privat-tokebefektetesek-osztonzesere\/\" target=\"_blank\" rel=\"noopener\">er\u0151s\u00f6d\u0151 jelenl\u00e9t\u00e9nek<\/a> k\u00f6sz\u00f6nhet\u0151en \u2013 egy c\u00e9gnek a p\u00e9nz\u00fcgyi kapacit\u00e1s megteremt\u00e9s\u00e9re a kor\u00e1bbiakn\u00e1l j\u00f3val t\u00f6bb lehet\u0151s\u00e9g \u00e1ll a rendelkez\u00e9s\u00e9re.<\/p>\n<p> Term\u00e9szetesen a v\u00e1llalkoz\u00e1s legegyszer\u0171bb forr\u00e1sa a fejleszt\u00e9seihez a saj\u00e1t p\u00e9nze, m\u00e1r amennyiben megfelel\u0151 mennyis\u00e9g\u0171 tartal\u00e9k \u00e1ll rendelkez\u00e9s\u00e9re. A k\u00fcls\u0151 forr\u00e1sokban nem gondolkod\u00f3 kkv-knak a felesleges \u00e9s nem megt\u00e9r\u00fcl\u0151 kiad\u00e1sok felm\u00e9r\u00e9se \u00e9s cs\u00f6kkent\u00e9se, illetve a forr\u00e1sok \u00e1tallok\u00e1l\u00e1sa jelenthet megold\u00e1st, de ha eleve alacsony k\u00f6lts\u00e9gvet\u00e9sb\u0151l m\u0171k\u00f6dik a t\u00e1rsas\u00e1g, ez nem igaz\u00e1n jelent val\u00f3s megold\u00e1st a hossz\u00fa t\u00e1v\u00fa b\u0151v\u00fcl\u00e9si tervekhez.  <strong>\u00dcgyf\u00e9l p\u00e9nz\u00e9b\u0151l<\/strong>  Ha saj\u00e1t banksz\u00e1ml\u00e1nkon nincs el\u00e9g p\u00e9nz \u00faj munkat\u00e1rsakra, oldjuk meg az \u00fcgyf\u00e9l banksz\u00e1ml\u00e1j\u00e1r\u00f3l! Projekt alap\u00fa m\u0171k\u00f6d\u00e9s eset\u00e9n csak akkor vegy\u00fcnk ig\u00e9nybe munkaer\u0151t \u2013 ak\u00e1r rugalmas foglalkoztat\u00e1si keretek k\u00f6z\u00f6tt \u2013, amikor m\u00e1r kez\u00fcnkben a megb\u00edz\u00e1si szerz\u0151d\u00e9s, \u00e9s elk\u00e9rt\u00fck az els\u0151 el\u0151leget is. \u00cdgy jelent\u0151sen cs\u00f6kkentj\u00fck az \u00fcresj\u00e1rat kock\u00e1zat\u00e1t, illetve a megb\u00edz\u00f3 r\u00e9sz\u00e9r\u0151l is komoly elk\u00f6telez\u0151d\u00e9st mutat az el\u0151re fizet\u00e9s.  <strong>P\u00e1ly\u00e1zat, hitel vagy t\u0151ke<\/strong>  A p\u00e1ly\u00e1zati lehet\u0151s\u00e9gek a legk\u00fcl\u00f6nf\u00e9l\u00e9bb fejleszt\u00e9si c\u00e9lokra felhaszn\u00e1lhat\u00f3k, k\u00f6zt\u00fck kifejezetten a munkaer\u0151-\u00e1llom\u00e1ny k\u00e9pz\u00e9s\u00e9t \u00e9s b\u0151v\u00edt\u00e9s\u00e9t finansz\u00edroz\u00f3 forr\u00e1sok is <a href=\"https:\/\/www.palyazat.gov.hu\/plyzatkeres\" target=\"_blank\" rel=\"noopener nofollow\">gyakran el\u00e9rhet\u0151k<\/a>. Emellett banki vagy ak\u00e1r \u00e1llami forr\u00e1s\u00fa hitelekkel is lehet tervezni \u2013 igaz, ez azoknak a v\u00e1llalkoz\u00e1soknak relev\u00e1ns, amelyek fel tudnak k\u00edn\u00e1lni valamilyen fedezetet a p\u00e9nzint\u00e9zetnek, illetve felk\u00e9sz\u00fcltek a havi t\u00f6rleszt\u0151r\u00e9szletek kifizet\u00e9s\u00e9re is. Egy indul\u00f3 vagy fiatal, felmutathat\u00f3 p\u00e9nz\u00fcgyi eredm\u00e9nyek n\u00e9lk\u00fcli v\u00e1llalkoz\u00e1snak azonban sok esetben a t\u0151kebefektet\u00e9s jelenti az egyetlen val\u00f3s megold\u00e1st a hossz\u00fa t\u00e1v\u00fa n\u00f6veked\u00e9s megalapoz\u00e1s\u00e1ra.  A k\u00fcls\u0151 forr\u00e1sok jellege \u00e1ltal\u00e1ban meghat\u00e1rozza, milyen form\u00e1ban \u00e9s ar\u00e1nyban lehet a munkaer\u0151-\u00e1llom\u00e1nyra k\u00f6lteni. A p\u00e1ly\u00e1zati ki\u00edr\u00e1sok p\u00e9ld\u00e1ul szigor\u00faan meghat\u00e1rozz\u00e1k az \u00f6sszeg felhaszn\u00e1l\u00e1si c\u00e9lj\u00e1t. Ha a t\u00e1mogat\u00e1s c\u00e9lja kev\u00e9sb\u00e9 hum\u00e1ner\u0151forr\u00e1s-k\u00f6zpont\u00fa, \u00e9s nem ig\u00e9nyli \u00fajabb munkav\u00e1llal\u00f3 felv\u00e9tel\u00e9t, az aj\u00e1nlatk\u00e9r\u0151 az elsz\u00e1moltathat\u00f3 k\u00f6lts\u00e9gek k\u00f6z\u00f6tt nem biztos, hogy a munkab\u00e9reket is fel fogja sorolni. Azokn\u00e1l a p\u00e1ly\u00e1zatokn\u00e1l pedig, ahol elengedhetetlen \u00faj munkak\u00f6r kialak\u00edt\u00e1sa a fejleszt\u00e9s megval\u00f3s\u00edt\u00e1s\u00e1hoz, ott a t\u00e1mogat\u00e1s jelent\u0151sebb ar\u00e1nya k\u00f6lthet\u0151 a munkaer\u0151 k\u00f6lts\u00e9geinek fedez\u00e9s\u00e9re.  [post_newsletter title=&#8221;Iratkozzon fel h\u00edrlevel\u00fcnkre!&#8221;][\/post_newsletter]  A hitelint\u00e9zetek \u00e9s a t\u0151kebefektet\u0151k ezzel szemben visszat\u00e9r\u00edtend\u0151 forr\u00e1st k\u00edn\u00e1lnak, azaz a c\u00e9g \u00e9rt\u00e9kteremt\u00e9s\u00e9t k\u00f6vet\u0151en vissza is ig\u00e9nylik az \u00f6sszeget, \u00edgy annak felhaszn\u00e1l\u00e1s\u00e1hoz is m\u00e1sk\u00e9pp \u00e1llnak. A beruh\u00e1z\u00e1si hitelek vagy a forg\u00f3eszk\u00f6z\u00f6kre ford\u00edthat\u00f3 hitelek eset\u00e9ben az \u00f6sszegnek a c\u00e9g beruh\u00e1z\u00e1sait, illetve forg\u00f3eszk\u00f6zeit kell finansz\u00edroznia, \u00e9s a bank is els\u0151sorban ezt figyeli, amikor a hitel megfelel\u0151 felhaszn\u00e1l\u00e1s\u00e1t ellen\u0151rzi. Ha a c\u00e9g \u00faj munkahely kialak\u00edt\u00e1s\u00e1ra, illetve munkab\u00e9rre szeretne hitelt felvenni, a \u2013 kev\u00e9sb\u00e9 el\u0151ny\u00f6s felt\u00e9telekkel rendelkez\u0151 \u2013 szabad felhaszn\u00e1l\u00e1s\u00fa hitelterm\u00e9kek k\u00f6z\u00fcl \u00e9rdemes v\u00e1logatnia.  A hitelint\u00e9zetekkel szemben a t\u0151kebefektet\u0151k nem csup\u00e1n k\u00fcls\u0151 finansz\u00edroz\u00f3k\u00e9nt, de r\u00e9sztulajdonosk\u00e9nt is t\u00e1mogatj\u00e1k a v\u00e1llalkoz\u00e1st. Ez\u00e1ltal az egy\u00fcttm\u0171k\u00f6d\u00e9s sokkal szorosabb, jobban r\u00e1l\u00e1tnak a d\u00f6nt\u00e9sekre, s\u0151t a d\u00f6nt\u00e9sek <a href=\"https:\/\/szta.hu\/blog\/befektetovel-osztoznal-a-cegeden-akkor-ez-az-osszefoglalo-neked-szol\/\" target=\"_blank\" rel=\"noopener\">szerves r\u00e9sztvev\u0151i<\/a> is egyben. Befektet\u00e9si d\u00f6nt\u00e9s\u00fcket a k\u00f6vetkez\u0151 h\u00e1rom-\u00f6t \u00e9ves id\u0151t\u00e1vot fel\u00f6lel\u0151 \u00fczleti terv \u00e9s a c\u00e9gvezet\u0151k tapasztalatai \u00e9s k\u00e9pess\u00e9gei alapj\u00e1n hozz\u00e1k meg. B\u00e1r a befektet\u00e9s megval\u00f3sul\u00e1s\u00e1hoz a c\u00e9gnek szigor\u00fa felt\u00e9teleknek kell megfelelnie, az \u00f6sszegek felhaszn\u00e1l\u00e1sa ter\u00e9n a tulajdonosi szerepb\u0151l kifoly\u00f3lag a befektet\u0151k valamivel rugalmasabbak. Ez pedig a k\u00f6z\u00f6s tulajdonb\u00f3l eredeztethet\u0151 k\u00f6z\u00f6s \u00e9rdeknek k\u00f6sz\u00f6nhet\u0151.  M\u00edg a hitel eset\u00e9ben a bank \u00e9s a v\u00e1llalkoz\u00e1s kapcsolata kiz\u00e1r\u00f3lag anyagi alap\u00fa, \u00e9s a teljes\u00edt\u00e9st a sz\u00e1ml\u00e1k \u00e9s kifizet\u00e9sek hat\u00e1rozz\u00e1k meg, addig a t\u0151kebefektet\u0151k r\u00e9sztulajdonosk\u00e9nt j\u00f3l l\u00e1tj\u00e1k ezen sz\u00e1ml\u00e1k \u00e9s kifizet\u00e9sek m\u00f6g\u00f6tti indokokat \u00e9s d\u00f6nt\u00e9seket, aminek k\u00f6sz\u00f6nhet\u0151en a felhaszn\u00e1l\u00e1si c\u00e9lok ter\u00e9n is nyitottabbak tudnak lenni sz\u00fcks\u00e9g eset\u00e9n. Ha p\u00e9ld\u00e1ul az \u00fczleti terv megval\u00f3s\u00edt\u00e1s\u00e1nak m\u00e1sodik \u00e9v\u00e9ben der\u00fcl ki, hogy egy tov\u00e1bbi fejleszt\u00e9shez egy \u00faj munkak\u00f6r kialak\u00edt\u00e1sa sz\u00fcks\u00e9ges, a befektet\u0151 d\u00f6nt\u00e9s\u00e9vel t\u00e1mogathatja a befektetett \u00f6sszeg ez ir\u00e1ny\u00fa allok\u00e1l\u00e1s\u00e1t. Teh\u00e1t a fejleszt\u00e9sekhez sz\u00fcks\u00e9ges \u00e9rt\u00e9kes munkaer\u0151be \u0151k is sz\u00edvesen fektetnek, de a d\u00f6nt\u00e9st minden esetben nekik is j\u00f3v\u00e1 kell hagyniuk.  Egy uni\u00f3s \u00e9s \u00e1llami forr\u00e1sb\u00f3l m\u0171k\u00f6d\u0151 t\u0151kebefektet\u0151n\u00e9l annyiban m\u00e1s a helyzet, hogy az \u00fczleti c\u00e9lok mellett a nemzetgazdas\u00e1gi c\u00e9lok t\u00e1mogat\u00e1s\u00e1t is szem el\u0151tt tartj\u00e1k befektet\u00e9si d\u00f6nt\u00e9seikn\u00e9l. A Sz\u00e9chenyi T\u0151kealap-kezel\u0151 Zrt. befektet\u00e9seivel m\u00e1r eddig is k\u00f6zel <a href=\"https:\/\/szta.hu\/blog\/eddig-2000-munkahely-letrehozasat-tamogattak-az-szta-tokebefektetesei\/\" target=\"_blank\" rel=\"noopener\">k\u00e9tezer \u00faj poz\u00edci\u00f3<\/a> l\u00e9trej\u00f6tt\u00e9t t\u00e1mogatta, a jelenlegi portf\u00f3li\u00f3c\u00e9geinek \u00fczleti tervei alapj\u00e1n pedig a k\u00f6vetkez\u0151 \u00e9vekben v\u00e1rhat\u00f3an m\u00e9g sz\u00e1z\u00e1val alakulnak \u00fajabbak. Ebbe pedig m\u00e9g nem sz\u00e1moltuk bele az SZTA <a href=\"https:\/\/szta.hu\/blog\/ezt-lehetoseget-egyetlen-feltorekvo-cegnek-sem-szabad-elszalasztania\/\" target=\"_blank\" rel=\"noopener\">v\u00e1rhat\u00f3<\/a> tov\u00e1bbi portf\u00f3li\u00f3c\u00e9geit, valamint az <a href=\"https:\/\/szta.hu\/blog\/irinyi-kockazati-tokealap-uj-tokeprogram-ipari-vallalkozasoknak\/\" target=\"_blank\" rel=\"noopener\">Irinyi II. Kock\u00e1zati T\u0151kealap<\/a> \u00e9s a K\u00e1rp\u00e1t-medencei V\u00e1llalkoz\u00e1sfejleszt\u00e9si Alap most \u00e9p\u00edtkez\u0151 c\u00e9gportf\u00f3li\u00f3j\u00e1t.  A munkahelyek b\u0151v\u00edt\u00e9s\u00e9hez forr\u00e1st keres\u0151 v\u00e1llalkoz\u00e1sok sz\u00e1m\u00e1ra teh\u00e1t fontos l\u00e9p\u00e9s, hogy minden esetben m\u00e9rj\u00e9k fel, az adott t\u00e1mogat\u00e1st mire \u00e9s milyen felt\u00e9telek mellett tudj\u00e1k felhaszn\u00e1lni. Erre \u00e1ltal\u00e1ban a p\u00e1ly\u00e1zati dokument\u00e1ci\u00f3kb\u00f3l, hitelterm\u00e9kek le\u00edr\u00e1s\u00e1b\u00f3l vagy \u2013 ha el\u00e9rhet\u0151, mint az SZTA eset\u00e9ben \u2013, a <a href=\"https:\/\/szta.hu\/termekeink\/\" target=\"_blank\" rel=\"noopener\">nyilv\u00e1nos term sheetb\u0151l<\/a> v\u00e1laszt kaphatnak.<\/p>\n","protected":false},"featured_media":7499,"template":"","class_list":["post-7498","blog","type-blog","status-publish","has-post-thumbnail","hentry"],"acf":[],"_links":{"self":[{"href":"https:\/\/szta.hu\/en\/wp-json\/wp\/v2\/blog\/7498","targetHints":{"allow":["GET"]}}],"collection":[{"href":"https:\/\/szta.hu\/en\/wp-json\/wp\/v2\/blog"}],"about":[{"href":"https:\/\/szta.hu\/en\/wp-json\/wp\/v2\/types\/blog"}],"wp:featuredmedia":[{"embeddable":true,"href":"https:\/\/szta.hu\/en\/wp-json\/"}],"wp:attachment":[{"href":"https:\/\/szta.hu\/en\/wp-json\/wp\/v2\/media?parent=7498"}],"curies":[{"name":"wp","href":"https:\/\/api.w.org\/{rel}","templated":true}]}}