{"id":7557,"date":"2018-03-21T00:00:00","date_gmt":"2018-03-21T00:00:00","guid":{"rendered":"http:\/\/www.blog.sztateszt.7digits.net\/ipar-4-0-veszely-a-magyar-termelokre\/"},"modified":"2018-03-21T00:00:00","modified_gmt":"2018-03-21T00:00:00","slug":"ipar-4-0-veszely-a-magyar-termelokre","status":"publish","type":"blog","link":"https:\/\/szta.hu\/en\/blog\/ipar-4-0-veszely-a-magyar-termelokre\/","title":{"rendered":"Ipar 4.0 \u2013 vesz\u00e9ly a magyar termel\u0151kre?"},"content":{"rendered":"<p><strong><img fetchpriority=\"high\" decoding=\"async\" class=\"size-medium wp-image-7701 alignleft\" src=\"https:\/\/szta.hu\/wp-content\/uploads\/2018\/03\/ipar-300x186.jpg\" alt=\"\" width=\"300\" height=\"186\" \/>A World Economic Forum (WEF) elk\u00e9sz\u00edtette az els\u0151 olyan tanulm\u00e1nyt, amely egyes orsz\u00e1gok negyedik ipari forradalomra \u00e9s a vele egy\u00fctt j\u00e1r\u00f3 v\u00e1ltoz\u00e1sokra val\u00f3 felk\u00e9sz\u00fclts\u00e9g\u00e9t vizsg\u00e1lja. Megijedni nem kell a hazai c\u00e9geknek, k\u00e9sz\u00fclni ann\u00e1l ink\u00e1bb!<\/strong> A negyedik ipari forradalom \u00fajfajta kih\u00edv\u00e1sok el\u00e9 \u00e1ll\u00edtja a termel\u0151 c\u00e9geket, hiszen a digitaliz\u00e1ci\u00f3, a robotiz\u00e1ci\u00f3 mer\u0151ben megv\u00e1ltoztatja az eddig j\u00f3l m\u0171k\u00f6d\u0151 gy\u00e1rt\u00e1si m\u00f3dszereket. A v\u00e1ltoz\u00e1s m\u00e9rt\u00e9ke \u00e9s sebess\u00e9ge minden eddigin\u00e9l komplexebb\u00e9 teszi az olyan, kor\u00e1bban is kih\u00edv\u00e1st jelent\u0151 feladatokat, mint a produktivit\u00e1st \u00e9s n\u00f6veked\u00e9st el\u0151seg\u00edt\u0151 strat\u00e9gi\u00e1k bevezet\u00e9se. A tanulm\u00e1ny az orsz\u00e1gok \u00f6sszem\u00e9rhet\u0151 gazdas\u00e1gi eredm\u00e9nyeit hasonl\u00edtja \u00f6ssze, ez alapj\u00e1n pedig elemzi \u00e9s szeml\u00e9lteti a nemzetgazdas\u00e1gok jelenlegi felk\u00e9sz\u00fclts\u00e9g\u00e9t az Ipar 4.0 megold\u00e1sokra, valamint a v\u00e1ltoz\u00e1sokkal egy\u00fctt j\u00e1r\u00f3 potenci\u00e1lis lehet\u0151s\u00e9gekre \u00e9s kih\u00edv\u00e1sokra. Az elemz\u00e9s k\u00e9t f\u0151 t\u00e9nyez\u0151t vizsg\u00e1l: <strong>a jelenlegi termel\u00e9si strukt\u00far\u00e1t<\/strong> az ipari termel\u00e9s komplexit\u00e1sa \u00e9s volumene alapj\u00e1n, valamint <strong>a termel\u00e9st befoly\u00e1sol\u00f3 makrot\u00e9nyez\u0151ket, <\/strong>amelyek az Ipar 4.0-s megold\u00e1sok elterjed\u00e9s\u00e9hez sz\u00fcks\u00e9ges technol\u00f3giai, gazdas\u00e1gi vagy t\u00e1rsadalmi mutat\u00f3k, mint p\u00e9ld\u00e1ul a lakoss\u00e1g iskol\u00e1zotts\u00e1ga vagy a fenntarthat\u00f3 er\u0151forr\u00e1sfelhaszn\u00e1l\u00e1s. <img decoding=\"async\" class=\"aligncenter wp-image-16981 size-full\" src=\"https:\/\/szta.hu\/wp-content\/uploads\/2018\/03\/1.jpg\" alt=\"\" width=\"800\" height=\"169\" \/><\/p>\n<p style=\"text-align: center;\">Forr\u00e1s: World Economic Forum, A.T. Kearney<\/p>\n<p>A jelenlegi termel\u00e9si strukt\u00fara (horizont\u00e1lis tengely a lenti grafikonon), valamint a termel\u00e9st befoly\u00e1sol\u00f3 t\u00e9nyez\u0151k (vertik\u00e1lis tengely) eredm\u00e9nyei alapj\u00e1n a 100 vizsg\u00e1lt orsz\u00e1got n\u00e9gy kateg\u00f3ri\u00e1ba sorolt\u00e1k:<\/p>\n<ul>\n<li><strong>Vezet\u0151k: <\/strong>azok az orsz\u00e1gok, amelyek jelenleg is er\u0151s termel\u00e9si strukt\u00far\u00e1val rendelkeznek, emellett pedig a termel\u00e9st befoly\u00e1sol\u00f3 t\u00e9nyez\u0151k is j\u00f3 eredm\u00e9nyeket \u00edg\u00e9rnek, teh\u00e1t az ebben a kateg\u00f3ri\u00e1ban l\u00e9v\u0151 gazdas\u00e1gok felk\u00e9sz\u00fcltnek tekinthet\u0151ek az ipari forradalommal j\u00e1r\u00f3 v\u00e1ltoz\u00e1sokra (pl. Ausztria, Belgium, Kanada, K\u00edna, N\u00e9metorsz\u00e1g, Jap\u00e1n, USA)<\/li>\n<li><strong>Hagyom\u00e1nyos gazdas\u00e1gok:<\/strong> azon orsz\u00e1gok, amelyek napjainkban ugyan szil\u00e1rd termel\u00e9si strukt\u00far\u00e1val rendelkeznek, azonban a termel\u00e9st befoly\u00e1sol\u00f3 t\u00e9nyez\u0151k kev\u00e9sb\u00e9 er\u0151s mutat\u00f3i miatt kock\u00e1zatot jelenthet sz\u00e1mukra a negyedik ipari forradalom (pl. Magyarorsz\u00e1g, India, Litv\u00e1nia, Mexik\u00f3, Thaif\u00f6ld)<\/li>\n<li><strong>Nagy potenci\u00e1llal rendelkez\u0151 orsz\u00e1gok:<\/strong> ezekben az orsz\u00e1gokban a jelenlegi termel\u00e9s limit\u00e1lt, a termel\u00e9st befoly\u00e1sol\u00f3 t\u00e9nyez\u0151k azonban j\u00f3 mutat\u00f3kkal rendelkeznek, ami a j\u00f6v\u0151re n\u00e9zve a termel\u00e9s n\u00f6veked\u00e9s\u00e9t \u00e9s az Ipar 4.0-s fejleszt\u00e9sek hat\u00e9kony integr\u00e1l\u00e1s\u00e1t jelenti (pl. Ausztr\u00e1lia, Egyes\u00fclt Arab Em\u00edrs\u00e9gek, Norv\u00e9gia, Portug\u00e1lia, \u00daj-Z\u00e9land)<\/li>\n<li><strong>Lemarad\u00f3:<\/strong> ezekben az orsz\u00e1gokban a jelenlegi termel\u00e9si strukt\u00fara gyenge, a termel\u00e9st befoly\u00e1sol\u00f3 t\u00e9nyez\u0151k rossz eredm\u00e9nyei pedig az ipari forradalomra val\u00f3 alacsony felk\u00e9sz\u00fclts\u00e9get jelentik (pl. Argent\u00edna, Braz\u00edlia, Egyiptom, Kenya, Lettorsz\u00e1g, Szerbia, Vietn\u00e1m)<\/li>\n<\/ul>\n<p><img decoding=\"async\" class=\"aligncenter size-full wp-image-16991\" src=\"https:\/\/szta.hu\/wp-content\/uploads\/2018\/03\/2.jpg\" alt=\"\" width=\"599\" height=\"622\" \/><\/p>\n<p style=\"text-align: center;\">Forr\u00e1s: World Economic Forum, A.T. Kearney<\/p>\n<p><strong>Magyarorsz\u00e1g helyzete<\/strong> A vizsg\u00e1lt szempontok alapj\u00e1n Magyarorsz\u00e1g a hagyom\u00e1nyos gazdas\u00e1gok kateg\u00f3ri\u00e1j\u00e1ba esett. A kateg\u00f3ri\u00e1n bel\u00fcl ugyanakkor Magyarorsz\u00e1g kapta az egyik legmagasabb pontsz\u00e1mot mind a termel\u00e9si strukt\u00fara (a jelenlegi gy\u00e1rt\u00e1s komplexit\u00e1sa \u00e9s volumene), mind a termel\u00e9st befoly\u00e1sol\u00f3 t\u00e9nyez\u0151k (t\u00f6bbek k\u00f6z\u00f6tt az Ipar 4.0 megold\u00e1sok bevezet\u00e9s\u00e9hez sz\u00fcks\u00e9ges hum\u00e1n \u00e9s finansz\u00edroz\u00e1si felt\u00e9telei) tekintet\u00e9ben. <img loading=\"lazy\" decoding=\"async\" class=\"aligncenter size-full wp-image-17001\" src=\"https:\/\/szta.hu\/wp-content\/uploads\/2018\/03\/3.png\" alt=\"\" width=\"511\" height=\"541\" \/><\/p>\n<p style=\"text-align: center;\">Forr\u00e1s: World Economic Forum, A.T. Kearney<\/p>\n<p>A tanulm\u00e1ny szint\u00e9n meg\u00e1llap\u00edtja, hogy valamennyi hagyom\u00e1nyos gazdas\u00e1gban, \u00edgy Magyarorsz\u00e1gon is nagy s\u00fallyal rendelkeznek a relat\u00edve olcs\u00f3 munkaer\u0151 miatt odatelep\u00edtett gy\u00e1rak. A j\u00f6v\u0151re n\u00e9zve azonban fenn\u00e1ll a vesz\u00e9ly, hogy bizonyos v\u00e1llalatok m\u00e9g olcs\u00f3bb munkaer\u0151piacra v\u00e1ndorolnak. Ahhoz, hogy a tov\u00e1bbiakban Magyarorsz\u00e1g sikeresen alkalmazkodjon a negyedik ipari forradalomhoz, elengedhetetlen a munkaer\u0151 folyamatos k\u00e9pz\u00e9se, valamint a technol\u00f3giai megold\u00e1sok fejleszt\u00e9se. Ut\u00f3bbihoz ny\u00fajt seg\u00edts\u00e9get <a href=\"https:\/\/szta.hu\/blog\/irinyi-terv-milyen-tamogatasokra-szamithatnak-az-ipari-vallalkozasok\/\" target=\"_blank\" rel=\"noopener\">az Irinyi II. Kock\u00e1zati T\u0151kealap<\/a>, amely az ipari szektor nagy n\u00f6veked\u00e9si potenci\u00e1llal rendelkez\u0151 v\u00e1llalkoz\u00e1sainak terveit finansz\u00edrozza. [post_newsletter title=&#8221;Iratkozzon fel h\u00edrlevel\u00fcnkre!&#8221;][\/post_newsletter]<\/p>\n","protected":false},"featured_media":7701,"template":"","class_list":["post-7557","blog","type-blog","status-publish","has-post-thumbnail","hentry"],"acf":[],"_links":{"self":[{"href":"https:\/\/szta.hu\/en\/wp-json\/wp\/v2\/blog\/7557","targetHints":{"allow":["GET"]}}],"collection":[{"href":"https:\/\/szta.hu\/en\/wp-json\/wp\/v2\/blog"}],"about":[{"href":"https:\/\/szta.hu\/en\/wp-json\/wp\/v2\/types\/blog"}],"wp:featuredmedia":[{"embeddable":true,"href":"https:\/\/szta.hu\/en\/wp-json\/"}],"wp:attachment":[{"href":"https:\/\/szta.hu\/en\/wp-json\/wp\/v2\/media?parent=7557"}],"curies":[{"name":"wp","href":"https:\/\/api.w.org\/{rel}","templated":true}]}}