{"id":7558,"date":"2018-04-03T00:00:00","date_gmt":"2018-04-03T00:00:00","guid":{"rendered":"http:\/\/www.blog.sztateszt.7digits.net\/ezert-szeretik-a-befektetok-a-zold-startupokat\/"},"modified":"2018-04-03T00:00:00","modified_gmt":"2018-04-03T00:00:00","slug":"ezert-szeretik-a-befektetok-a-zold-startupokat","status":"publish","type":"blog","link":"https:\/\/szta.hu\/en\/blog\/ezert-szeretik-a-befektetok-a-zold-startupokat\/","title":{"rendered":"Ez\u00e9rt szeretik a befektet\u0151k a z\u00f6ld startupokat"},"content":{"rendered":"<p><strong><img fetchpriority=\"high\" decoding=\"async\" class=\"wp-image-17231 size-medium alignleft\" src=\"https:\/\/szta.hu\/wp-content\/uploads\/2018\/04\/green_startups-300x231.jpg\" alt=\"Ez\u00e9rt szeretik a befektet\u0151k a z\u00f6ld startupokat\" width=\"300\" height=\"231\" \/>A z\u00f6ld startup \u00f6kosziszt\u00e9ma meghat\u00e1roz\u00f3 \u00e1talakul\u00e1son megy kereszt\u00fcl napjainkban, glob\u00e1lis szinten. A fogyaszt\u00f3k egyre \u00e9rz\u00e9kenyebbekk\u00e9 v\u00e1lnak a k\u00f6rnyezeti probl\u00e9m\u00e1kra, \u00e9s egyre k\u00f6rnyezettudatosabb d\u00f6nt\u00e9seket hoznak a mindennapokban. A fogyaszt\u00f3k mellett egyre t\u00f6bb nagyv\u00e1llalat is felismeri a k\u00f6rnyezeti probl\u00e9m\u00e1kat \u00e9s t\u0171zi ki c\u00e9lul a fenntarthat\u00f3s\u00e1g szem el\u0151tt tart\u00e1s\u00e1t, k\u00f6rnyezettudatos \u00e9s etikus megold\u00e1sok integr\u00e1l\u00e1s\u00e1t, \u00e9s kev\u00e9sb\u00e9 k\u00e1ros term\u00e9kek gy\u00e1rt\u00e1s\u00e1t. Azok a v\u00e1llalkoz\u00e1sok, amelyek ekkora volumen\u0171, val\u00f3s probl\u00e9m\u00e1kra k\u00edn\u00e1lnak megold\u00e1st, a befektet\u0151k sz\u00e1m\u00e1ra is nagy potenci\u00e1llal rendelkeznek.<\/strong><\/p>\n<p>Indul\u00f3 v\u00e1llalkoz\u00e1sok eset\u00e9n akkor besz\u00e9lhet\u00fcnk z\u00f6ld startupr\u00f3l, ha a c\u00e9g \u00faj, innovat\u00edv megold\u00e1st k\u00edn\u00e1l \u00f6kol\u00f3giai l\u00e1bnyomunk cs\u00f6kkent\u00e9s\u00e9re. A forradalmi megold\u00e1sok mellett sokan a hatalmas \u00fczleti lehet\u0151s\u00e9get l\u00e1tj\u00e1k meg ezekben a v\u00e1llalkoz\u00e1sokban, nem v\u00e9letlen\u00fcl.<\/p>\n<p><strong>Nagy probl\u00e9ma = nagy lehet\u0151s\u00e9g<\/strong><\/p>\n<p>Egy j\u00f3 \u00fczleti \u00f6tlet probl\u00e9maf\u00f3kusz\u00e1lt, \u00e9s egy l\u00e9tez\u0151 probl\u00e9m\u00e1ra k\u00edn\u00e1l megold\u00e1st. Sok startupper k\u00f6veti el azt a hib\u00e1t, hogy m\u00e1r megl\u00e9v\u0151 \u00f6tlet\u00e9hez pr\u00f3b\u00e1l piacot tal\u00e1lni, vagyis a term\u00e9k oldal\u00e1r\u00f3l ind\u00edtja v\u00e1llalkoz\u00e1s\u00e1t ahelyett, hogy a piac val\u00f3s ig\u00e9nyeire reag\u00e1lna \u2013 b\u00edzva abban, hogy a fogyaszt\u00f3k majd felismerik az \u00e1ltala ny\u00fajtott megold\u00e1s sz\u00fcks\u00e9gess\u00e9g\u00e9t. Tapasztalatunk szerint azonban ez a gondolatmenet szinte minden esetben a <a href=\"https:\/\/szta.hu\/blog\/miert-buknak-el-a-startupok\/\" target=\"_blank\" rel=\"noopener\">buk\u00e1shoz<\/a> vezet. A nagy, glob\u00e1lis szint\u0171 k\u00f6rnyezeti probl\u00e9m\u00e1k \u00f3ri\u00e1si \u00fczleti lehet\u0151s\u00e9get rejtenek, hiszen a k\u00f6rnyezetszennyez\u00e9s napjainkban eddig nem l\u00e1tott m\u00e9reteket \u00f6lt (sz\u00e9lesebben a t\u00e1rsadalmi v\u00e1llalkoz\u00e1sokr\u00f3l <a href=\"https:\/\/szta.hu\/blog\/tarsadalmi-hasznossag-avagy-vallalkozni-a-nagyobb-joert\/\" target=\"_blank\" rel=\"noopener\">itt<\/a> \u00edrtunk). A val\u00f3s probl\u00e9m\u00e1kra k\u00edn\u00e1lt megold\u00e1sok a befektet\u0151k figyelm\u00e9t is felkeltik, Magyarorsz\u00e1gon sincs hi\u00e1ny a z\u00f6ld megold\u00e1sok finansz\u00edroz\u00e1s\u00e1ra is felhaszn\u00e1lhat\u00f3 p\u00e9nzforr\u00e1sokb\u00f3l. R\u00e1ad\u00e1sul a fogyaszt\u00f3k egyre nagyobb r\u00e9sz\u00e9t foglalkoztatj\u00e1k a k\u00f6rnyezeti probl\u00e9m\u00e1k, \u00edgy a k\u00f6rnyezetbar\u00e1t term\u00e9kek egyre fontosabb szerepet j\u00e1tszanak a mindennapjaikban, a startupoknak pedig lehet\u0151s\u00e9g\u00fck ny\u00edlik olyan ter\u00fcleten k\u00f6t\u0151dni hozz\u00e1juk, ami igaz\u00e1n fontos sz\u00e1mukra.<\/p>\n<p>[post_newsletter title=&#8221;Iratkozzon fel h\u00edrlevel\u00fcnkre!&#8221;][\/post_newsletter]<\/p>\n<p><strong>L\u00e9nyeg\u00fck az innov\u00e1ci\u00f3<\/strong><\/p>\n<p>Az innov\u00e1ci\u00f3 napjainkban elengedhetetlen egy v\u00e1llalkoz\u00e1s siker\u00e9hez, ez nincs m\u00e1sk\u00e9pp a z\u00f6ld startupok eset\u00e9ben sem. Az innov\u00e1ci\u00f3s verseny ma m\u00e1r a hagyom\u00e1nyosnak sz\u00e1m\u00edt\u00f3 ipar\u00e1gakban is hatalmas, valamennyi c\u00e9g legsz\u00edvesebben a saj\u00e1t nev\u00e9vel f\u00e9mjelezn\u00e9 a piac megreform\u00e1l\u00e1s\u00e1t. M\u00edg azonban az ipari termel\u00e9si folyamatok t\u00f6bbs\u00e9g\u00e9n\u00e9l ma m\u00e9g nem a k\u00f6rnyezettudatos megold\u00e1sok a jellemz\u0151ek, addig a z\u00f6ld startupok minden esetben valamilyen innov\u00e1ci\u00f3ra \u00e9p\u00fclnek, ak\u00e1r az addig haszn\u00e1lt folyamatok meg\u00faj\u00edt\u00e1s\u00e1val. Nem v\u00e9letlen teh\u00e1t, hogy sok befektet\u0151 l\u00e1tja a k\u00f6rnyezetv\u00e9delemben l\u00e9v\u0151 hatalmas \u00fczleti potenci\u00e1lt.<\/p>\n<p><strong>Vannak j\u00f3 p\u00e9ld\u00e1k<\/strong><\/p>\n<p>A Sz\u00e9chenyi T\u0151kebefektet\u00e9si Alap portf\u00f3li\u00f3c\u00e9gei k\u00f6z\u00f6tt is tal\u00e1lni izgalmas z\u00f6ld startupokat, els\u0151sorban a <a href=\"https:\/\/szta.hu\/blog\/magyar-vizipari-cegek-megoldasai-nemzetkozi-szinten-kiemelkedoek\/\" target=\"_blank\" rel=\"noopener\">v\u00edzipar<\/a> ter\u00fclet\u00e9n. Fontos ipari tev\u00e9kenys\u00e9gek k\u00f6rnyezettudatosabb megold\u00e1sain dolgozik p\u00e9ld\u00e1ul a <a href=\"https:\/\/szta.hu\/blog\/egyre-tobb-orszagban-valik-ismertte-magyar-szennyviztisztito-fejlesztes\/\" target=\"_blank\" rel=\"noopener\">Cyclator Kft.<\/a>, amely energiatakar\u00e9kos folyamatokat alkalmaz a szennyv\u00edz- \u00e9s iszapkezel\u00e9s ter\u00fclet\u00e9n (h\u00e9tf\u0151n \u00e9pp Szerbi\u00e1ban mutatt\u00e1k be technol\u00f3gi\u00e1jukat). Az <a href=\"https:\/\/szta.hu\/blog\/az-szta-uj-befektetese-sajat-fejlesztessel-keszul-meghoditani-a-vilagot\/\" target=\"_blank\" rel=\"noopener\">INWACOO Kft.<\/a> pedig els\u0151sorban szennyv\u00edztiszt\u00edt\u00f3 telepek tervez\u00e9s\u00e9vel, \u00e9p\u00edt\u00e9s\u00e9vel \u00e9s fejleszt\u00e9s\u00e9vel foglalkozik. H\u00edres p\u00e9lda a TerraCycle, egy milli\u00e1rdoss\u00e1 lett magyar sz\u00e1rmaz\u00e1s\u00fa v\u00e1llalkoz\u00f3 nehezen \u00fajrahasznos\u00edthat\u00f3 anyagok \u00fajrahasznos\u00edt\u00e1s\u00e1val foglalkoz\u00f3 c\u00e9ge is.<\/p>\n","protected":false},"featured_media":7559,"template":"","class_list":["post-7558","blog","type-blog","status-publish","has-post-thumbnail","hentry"],"acf":[],"_links":{"self":[{"href":"https:\/\/szta.hu\/en\/wp-json\/wp\/v2\/blog\/7558","targetHints":{"allow":["GET"]}}],"collection":[{"href":"https:\/\/szta.hu\/en\/wp-json\/wp\/v2\/blog"}],"about":[{"href":"https:\/\/szta.hu\/en\/wp-json\/wp\/v2\/types\/blog"}],"wp:featuredmedia":[{"embeddable":true,"href":"https:\/\/szta.hu\/en\/wp-json\/"}],"wp:attachment":[{"href":"https:\/\/szta.hu\/en\/wp-json\/wp\/v2\/media?parent=7558"}],"curies":[{"name":"wp","href":"https:\/\/api.w.org\/{rel}","templated":true}]}}