{"id":9382,"date":"2018-08-08T08:50:14","date_gmt":"2018-08-08T08:50:14","guid":{"rendered":"http:\/\/www.blog.sztateszt.7digits.net\/?post_type=blog&amp;p=9382"},"modified":"2018-08-08T08:50:14","modified_gmt":"2018-08-08T08:50:14","slug":"visszaallithato-gazdasagi-szovet","status":"publish","type":"blog","link":"https:\/\/szta.hu\/en\/blog\/visszaallithato-gazdasagi-szovet\/","title":{"rendered":"Vissza\u00e1ll\u00edthat\u00f3 gazdas\u00e1gi sz\u00f6vet"},"content":{"rendered":"<p><strong><em><img fetchpriority=\"high\" decoding=\"async\" class=\"alignleft size-medium wp-image-9312\" src=\"https:\/\/szta.hu\/wp-content\/uploads\/2018\/08\/shutterstock_548176240-300x205.jpg\" alt=\"\" width=\"300\" height=\"205\" \/><\/em><em>\u201eA K\u00e1rp\u00e1t-medencei V\u00e1llalkoz\u00e1sfejleszt\u00e9si Kock\u00e1zati T\u0151kealap (KMVA) megkezdte m\u0171k\u00f6d\u00e9s\u00e9t \u00e9s r\u00f6videsen v\u00e1rhat\u00f3ak az els\u0151 befektet\u00e9si d\u00f6nt\u00e9sek is\u201d<\/em><\/strong> <strong>\u2013 egyebek k\u00f6z\u00f6tt err\u0151l sz\u00e1molt be Csuhaj V. Imre, a KMVA-t m\u0171k\u00f6dtet\u0151 Sz\u00e9chenyi T\u0151kealap-kezel\u0151 Zrt. vez\u00e9rigazgat\u00f3ja Tusv\u00e1nyoson, a 29. B\u00e1lv\u00e1nyosi Szabadegyetem egyik kerekasztal-besz\u00e9lget\u00e9s\u00e9n.<\/strong><\/p>\n<p>Az \u00e9vtizedek \u00f3ta m\u0171k\u00f6d\u0151 rendezv\u00e9ny fontos kapcsol\u00f3d\u00e1si pont Magyarorsz\u00e1g \u00e9s a hat\u00e1ron t\u00fali magyars\u00e1g k\u00f6z\u00f6tt mind kultur\u00e1lis, mind politikai, mind pedig gazdas\u00e1gi szempontb\u00f3l. A KMVA egyik c\u00e9lkit\u0171z\u00e9se, hogy Magyarorsz\u00e1g \u00e9s a k\u00f6rnyez\u0151 orsz\u00e1gok gazdas\u00e1gi kapcsolatait er\u0151s\u00edtse, a rendezv\u00e9ny teh\u00e1t kiv\u00e1l\u00f3 alkalmat teremtett a KMVA bemutat\u00e1s\u00e1ra, \u00fczleti kapcsolatainak fejleszt\u00e9s\u00e9re is.<\/p>\n<p>A nemzetgazdas\u00e1gok versenyk\u00e9pess\u00e9g\u00e9t \u00e9s az \u00e1llami szerepv\u00e1llal\u00e1st k\u00f6z\u00e9ppontba \u00e1ll\u00edt\u00f3 kerekasztal-besz\u00e9lget\u00e9sek k\u00f6z\u00fcl sz\u00e1munkra azok voltak k\u00fcl\u00f6n\u00f6sen \u00e9rdekesek, amelyek a hat\u00e1ron \u00e1tny\u00fal\u00f3 gazdas\u00e1g\u00e9p\u00edt\u00e9shez, finansz\u00edroz\u00e1si lehet\u0151s\u00e9gekhez, illetve v\u00e1llalkoz\u00f3i egy\u00fcttm\u0171k\u00f6d\u00e9sekhez kapcsol\u00f3dtak. <em>\u201eK\u00fcl\u00f6n\u00f6sen inspir\u00e1l\u00f3an hatott a fiatal v\u00e1llalkoz\u00f3kkal kialakult p\u00e1rbesz\u00e9d\u201d \u2013 <\/em>emelte ki Csuhaj V. Imre, aki az \u00fczleti alapon l\u00e9trej\u00f6v\u0151, k\u00e9zzelfoghat\u00f3 megold\u00e1sok h\u00edve.<\/p>\n<p>A szem\u00e9lyes r\u00e9szv\u00e9tel lehet\u0151s\u00e9get teremtett hat\u00e1ron t\u00fali v\u00e1llalkoz\u00e1sokkal val\u00f3 k\u00f6zvetlen tal\u00e1lkoz\u00e1sra, tapasztalat cser\u00e9re, ami egy k\u00e9s\u0151bbi egy\u00fcttm\u0171k\u00f6d\u00e9s kiindul\u00f3pontja lehet.<br \/>\nA K\u00e1rp\u00e1t-medencei t\u00e9rs\u00e9gben m\u00e9g mindig nem el\u00e9gg\u00e9 kihaszn\u00e1lt er\u0151forr\u00e1s a hat\u00e1rokon \u00e1tny\u00fal\u00f3 v\u00e1llalati terjeszked\u00e9sben rejl\u0151 lehet\u0151s\u00e9gek \u2013 legyen sz\u00f3 ak\u00e1r magyar, ak\u00e1r rom\u00e1n, szlov\u00e1k vagy b\u00e1rmilyen m\u00e1s v\u00e1llalkoz\u00f3hoz k\u00f6thet\u0151 c\u00e9gr\u0151l, amely Magyarorsz\u00e1gon k\u00edv\u00e1nja fejleszteni tev\u00e9kenys\u00e9g\u00e9t. Ezek a hat\u00e1ron \u00e1tny\u00fal\u00f3 befektet\u00e9sek tev\u0151legesen \u00fajrasz\u00f6vik a t\u00e9rs\u00e9g szervesen \u00f6sszetartoz\u00f3 gazdas\u00e1gi sz\u00f6vet\u00e9t.<\/p>\n<p>A K\u00e1rp\u00e1t-medencei t\u00e9rs\u00e9g orsz\u00e1gainak minden kor\u00e1bbin\u00e1l m\u00e9lyebb gazdas\u00e1gi integr\u00e1ci\u00f3ja az\u00e9rt is indokolt, mert gazdas\u00e1guk t\u00fals\u00e1gosan kicsi \u00e9s sz\u0171k ahhoz, hogy a vil\u00e1ggazdas\u00e1gi folyamatokba \u00f6nmagukban hat\u00e9konyan kapcsol\u00f3dhassanak be. Fontos t\u00e9nyez\u0151 az is, hogy a hat\u00e1r-menti ter\u00fcletek dinamikus gazdas\u00e1gi n\u00f6veked\u00e9se megtart\u00f3 er\u0151vel b\u00edr az ott \u00e9l\u0151 magyars\u00e1g sz\u00e1m\u00e1ra.<\/p>\n<p>[post_newsletter title=&#8221;Iratkozzon fel h\u00edrlevel\u00fcnkre!&#8221;][\/post_newsletter]<\/p>\n<p>Mag\u00e1t a KMVA-t is azzal a kifejezett c\u00e9llal h\u00edvta \u00e9letre a korm\u00e1ny, hogy \u00e1ltala is nemzetstrat\u00e9giai \u00e9s r\u00e9gi\u00f3s gazdas\u00e1g\u00e9p\u00edt\u00e9si c\u00e9lokat mozd\u00edtson el\u0151. Ez\u00e1ltal olyan p\u00e9nz\u00fcgyi eszk\u00f6zj\u00f6tt l\u00e9tre, amely k\u00e9pes finansz\u00edrozni a magyar mikro-, kis- \u00e9s k\u00f6z\u00e9pv\u00e1llalkoz\u00e1sok nemzetk\u00f6zi \u2013 azon bel\u00fcl is a Magyarorsz\u00e1ggal hat\u00e1ros orsz\u00e1gok kkv-jaival t\u00f6rt\u00e9n\u0151 \u2013 hossz\u00fa t\u00e1v\u00fa kapcsolat\u00e9p\u00edt\u00e9s\u00e9t, az eredm\u00e9nyes termel\u00e9sre, szolg\u00e1ltat\u00e1sra, kutat\u00e1s-fejleszt\u00e9sre, munkaer\u0151-k\u00e9pz\u00e9sre vonatkoz\u00f3 v\u00e1llalkoz\u00e1sk\u00f6zi egy\u00fcttm\u0171k\u00f6d\u00e9sek l\u00e9trehoz\u00e1s\u00e1t \u00e9s sikeres fenntart\u00e1s\u00e1t.<\/p>\n<p>A K\u00e1rp\u00e1t-medencei V\u00e1llalkoz\u00e1sfejleszt\u00e9si Alap tavaly \u0151sszel kezdte meg m\u0171k\u00f6d\u00e9s\u00e9t, az els\u0151 befektet\u00e9si ig\u00e9nyeket m\u00e1r elb\u00edr\u00e1lta. Az Alap \u00fczleti alapon, az eredeti tulajdonosok sz\u00e1m\u00e1ra kedvez\u0151 felt\u00e9telekkel ny\u00fajt t\u0151keforr\u00e1st a v\u00e1llalkoz\u00e1sok hat\u00e1ron \u00e1tny\u00fal\u00f3 termel\u00e9si \u00e9s fejleszt\u00e9si egy\u00fcttm\u0171k\u00f6d\u00e9s\u00e9hez, jellemz\u0151en k\u00e9t form\u00e1ban:<\/p>\n<blockquote>\n<p style=\"text-align: left;\">(a) egyr\u00e9szt Magyarorsz\u00e1gon m\u0171k\u00f6d\u0151 mikro-, kis- \u00e9s k\u00f6z\u00e9pv\u00e1llalkoz\u00e1sok nemzetk\u00f6zi (azon bel\u00fcl haz\u00e1nkkal hat\u00e1ros orsz\u00e1gba ir\u00e1nyul\u00f3) terjeszked\u00e9s\u00e9t t\u00e1mogat\u00f3 t\u0151kebefektet\u00e9ssel;<\/p>\n<p style=\"text-align: left;\">(b) m\u00e1sr\u00e9szt a hat\u00e1ron t\u00fal m\u0171k\u00f6d\u0151 mikro-, kis- \u00e9s k\u00f6z\u00e9pv\u00e1llalkoz\u00e1sok magyarorsz\u00e1gi v\u00e1llalatalap\u00edt\u00e1si, \u00fczleti kapcsolatfejleszt\u00e9s\u00e9nek t\u00e1mogat\u00e1s\u00e1val.<\/p>\n<\/blockquote>\n<p>\u00cdgy b\u00e1r a gazdas\u00e1gi egy\u00fcttm\u0171k\u00f6d\u00e9s kezdem\u00e9nyez\u0151je egyar\u00e1nt lehet Magyarorsz\u00e1gon, valamint a haz\u00e1nkkal hat\u00e1ros h\u00e9t orsz\u00e1gban &#8212; Ausztri\u00e1ban, Horv\u00e1torsz\u00e1gban, Rom\u00e1ni\u00e1ban, Szerbi\u00e1ban, Szlov\u00e1ki\u00e1ban, Szlov\u00e9ni\u00e1ban, Ukrajn\u00e1ban &#8212; bejegyzett v\u00e1llalkoz\u00e1s, a t\u0151kebefektet\u00e9sek minden esetben kiz\u00e1r\u00f3lag magyarorsz\u00e1gi gazdas\u00e1gi t\u00e1rsas\u00e1gban val\u00f3sulnak meg.<\/p>\n","protected":false},"featured_media":9312,"template":"","class_list":["post-9382","blog","type-blog","status-publish","has-post-thumbnail","hentry"],"acf":[],"_links":{"self":[{"href":"https:\/\/szta.hu\/en\/wp-json\/wp\/v2\/blog\/9382","targetHints":{"allow":["GET"]}}],"collection":[{"href":"https:\/\/szta.hu\/en\/wp-json\/wp\/v2\/blog"}],"about":[{"href":"https:\/\/szta.hu\/en\/wp-json\/wp\/v2\/types\/blog"}],"wp:featuredmedia":[{"embeddable":true,"href":"https:\/\/szta.hu\/en\/wp-json\/"}],"wp:attachment":[{"href":"https:\/\/szta.hu\/en\/wp-json\/wp\/v2\/media?parent=9382"}],"curies":[{"name":"wp","href":"https:\/\/api.w.org\/{rel}","templated":true}]}}