{"id":9392,"date":"2018-08-10T09:58:17","date_gmt":"2018-08-10T09:58:17","guid":{"rendered":"http:\/\/www.blog.sztateszt.7digits.net\/?post_type=blog&amp;p=9392"},"modified":"2018-08-10T09:58:17","modified_gmt":"2018-08-10T09:58:17","slug":"5-ev-500-bejegyzes-a-blogon-ezeket-erdemes-visszaolvasni","status":"publish","type":"blog","link":"https:\/\/szta.hu\/en\/blog\/5-ev-500-bejegyzes-a-blogon-ezeket-erdemes-visszaolvasni\/","title":{"rendered":"5 \u00e9v 500 bejegyz\u00e9s a blogon \u2013 ezeket \u00e9rdemes visszaolvasni"},"content":{"rendered":"<p><strong><img fetchpriority=\"high\" decoding=\"async\" class=\"alignleft size-medium wp-image-9422\" src=\"https:\/\/szta.hu\/wp-content\/uploads\/2018\/08\/gaelle-marcel-357627-unsplash-300x200.jpg\" alt=\"\" width=\"300\" height=\"200\" \/>A\u00a0 szakmai blogja imm\u00e1r t\u00f6bb mint \u00f6t \u00e9s f\u00e9l \u00e9ve indult \u201epiac-h\u00f3d\u00edt\u00f3\u201d \u00fatj\u00e1ra. A blog els\u0151dleges c\u00e9lja a kezdetekt\u0151l az, hogy besz\u00e1moljon a hazai kock\u00e1zati t\u0151kepiac legfontosabb h\u00edreir\u0151l, t\u00e1j\u00e9koztat\u00e1st adjon az olvas\u00f3k sz\u00e1m\u00e1ra relev\u00e1ns esem\u00e9nyekr\u0151l, besz\u00e1moljon a magyarorsz\u00e1gi startup-\u00f6kosziszt\u00e9ma alakul\u00e1s\u00e1r\u00f3l, valamint, hogy k\u00f6rbej\u00e1rja a v\u00e1llalkoz\u00e1sokat legink\u00e1bb \u00e9rint\u0151 \u00e9s \u0151ket foglalkoztat\u00f3 szakmai k\u00e9rd\u00e9seket. \u00a0<\/strong><\/p>\n<p>Az eddig megjelent \u00f6tsz\u00e1z bejegyz\u00e9ssel \u00e9s az \u00e9vek alatt kialakult stabil olvas\u00f3t\u00e1borunk seg\u00edts\u00e9g\u00e9vel a magyar piac egyik legmeghat\u00e1roz\u00f3bb szakmai forr\u00e1s\u00e1v\u00e1 v\u00e1lt a blog. 2013 \u00f3ta nem csak a blog \u00e9s a weboldal megjelen\u00e9se v\u00e1ltozott, de a Sz\u00e9chenyi T\u0151kealap-kezel\u0151 tev\u00e9kenys\u00e9gi k\u00f6re is. Az alapkezel\u0151 els\u0151 t\u0151kealapja, a Sz\u00e9chenyi T\u0151kebefektet\u00e9si Alap 2011-ben indult, az\u00f3ta azonban m\u00e1r h\u00e1rom tov\u00e1bbi t\u0151kealapot kezel az SZTAK a kkv-k fejleszt\u00e9se c\u00e9lj\u00e1b\u00f3l. (<a href=\"https:\/\/szta.hu\/elsokent-az-irinyi-tokealap-tuzte-ki-celul-az-ipar-4-0-s-fejlesztesek-tokefinanszirozasat\/\" target=\"_blank\" rel=\"noopener\">Irinyi II. Kock\u00e1zati T\u0151kealap<\/a>, <a href=\"https:\/\/szta.hu\/a-karpat-medence-kisvallalkozasai-uj-piaci-lehetosegeket-keresnek-magyarorszagon\/\" target=\"_blank\" rel=\"noopener\">K\u00e1rp\u00e1t-medencei V\u00e1llalkoz\u00e1sfejleszt\u00e9si Kock\u00e1zati T\u0151kealap<\/a>, <a href=\"https:\/\/szta.hu\/minden-amit-tudni-kell-a-nemzeti-tozsdefejlesztesi-alaprol\/\" target=\"_blank\" rel=\"noopener\">Nemzeti T\u0151zsdefejleszt\u00e9si Alap<\/a>). Az \u00faj alapokkal \u00f6sszhangban b\u0151v\u00fclt a blog t\u00e9marendszere is, \u00edgy egyre sz\u00e9lesebb k\u00f6r sz\u00e1m\u00e1ra szolg\u00e1ltattunk relev\u00e1ns inform\u00e1ci\u00f3t a blogon.<\/p>\n<p>A <a href=\"https:\/\/szta.hu\/ezek-a-legolvasottabb-bejegyzesek-kockazati-toke-temakorben\/\">h\u00e1romsz\u00e1zadik<\/a> bejegyz\u00e9s alkalm\u00e1val, 2016-ban egyszer m\u00e1r megeml\u00e9kezt\u00fcnk az akkoriban legn\u00e9pszer\u0171bbnek sz\u00e1m\u00edt\u00f3 \u00edr\u00e1sokr\u00f3l, most pedig \u2013 200 bejegyz\u00e9ssel k\u00e9s\u0151bb \u2013 n\u00e9zz\u00fck azokat a t\u00e9m\u00e1kat, bejegyz\u00e9seket, amelyekb\u0151l a legt\u00f6bbet lehet tanulni, \u00e9s b\u00e1rmikor \u00e9rdemes visszaolvasni \u0151ket!<\/p>\n<p>[post_newsletter title=&#8221;Iratkozzon fel h\u00edrlevel\u00fcnkre!&#8221;][\/post_newsletter]<\/p>\n<p>Bejegyz\u00e9seink egy r\u00e9sz\u00e9nek c\u00e9lja, hogy k\u00e9pet adjanak a hazai vagy ak\u00e1r r\u00e9gi\u00f3s szint\u0171 startup-\u00f6kosziszt\u00e9m\u00e1r\u00f3l: 20\u00f6tsz\u00e1zadik bejegyz\u00e9s18 elej\u00e9n <a href=\"https:\/\/szta.hu\/atfogo-tanulmany-keszult-a-kozep-es-kelet-europai-startup-vilagrol\/\" target=\"_blank\" rel=\"noopener\">\u00e1tfog\u00f3 tanulm\u00e1ny<\/a> k\u00e9sz\u00fclt a k\u00f6z\u00e9p- \u00e9s kelet-eur\u00f3pai r\u00e9gi\u00f3 24 orsz\u00e1g\u00e1nak startup-szc\u00e9n\u00e1ir\u00f3l, emellett sokat foglalkoztunk a negyedik ipari forradalom t\u00e9mak\u00f6r\u00e9vel is. Az aut\u00f3ipar felk\u00e9sz\u00fclts\u00e9g\u00e9t p\u00e9ld\u00e1ul a \u201e<a href=\"https:\/\/szta.hu\/jo-eveket-el-a-hazai-autoipar-es-nyitott-az-ipar-4-0-ra\/\" target=\"_blank\" rel=\"noopener\">J\u00f3 \u00e9veket \u00e9l az aut\u00f3ipar \u00e9s nyitott az Ipar 4.0-ra<\/a>\u201d c\u00edm\u0171 \u00edr\u00e1sunkban r\u00e9szletezz\u00fck. De a <a href=\"https:\/\/szta.hu\/hogyan-keszuljon-fel-egy-vallalkozas-az-ipar-4-0-ra\/\" target=\"_blank\" rel=\"noopener\">\u201dHogyan k\u00e9sz\u00fclj\u00f6n fel egy v\u00e1llalkoz\u00e1s az Ipar 4.0-ra?<\/a>\u201d, illetve a \u201e<a href=\"https:\/\/szta.hu\/felelmek-az-ipar-4-0-val-kapcsolatban-4-belso-hang-amire-nem-szabad-hallgatni\/\" target=\"_blank\" rel=\"noopener\">Melyek azok a bels\u0151 hangok, amelyekre nem szabad hallgatni<\/a>?\u201d, vagy a \u201eVal\u00f3ban <a href=\"https:\/\/szta.hu\/ipar-4-0-veszely-a-magyar-termelokre\/\" target=\"_blank\" rel=\"noopener\">jelenthet vesz\u00e9lyt a negyedik ipari forradalom a magyar termel\u0151kre<\/a> n\u00e9zve?\u201d c\u00edm\u0171 bejegyz\u00e9seinkben is ezzel a t\u00e9m\u00e1val foglalkoztunk.<\/p>\n<p>A t\u0151kebevon\u00e1st tervez\u0151 v\u00e1llalkoz\u00e1sok sz\u00e1m\u00e1ra elengedhetetlen a <a href=\"https:\/\/szta.hu\/belegondoltal-mar-abba-hogy-milyen-lehet-tokebefektetonek-lenni\/\" target=\"_blank\" rel=\"noopener\">befektet\u0151i gondolkod\u00e1sm\u00f3d<\/a> megismer\u00e9se ahhoz, hogy \u00e1tl\u00e1thass\u00e1k, hogy <a href=\"https:\/\/szta.hu\/mit-keres-befekteto\/\" target=\"_blank\" rel=\"noopener\">mit is keres val\u00f3j\u00e1ban a befektet\u0151<\/a>. Szint\u00e9n fontos tudni, hogy \u201e<a href=\"https:\/\/szta.hu\/tokebefektetest-keres-mutatjuk-milyen-esetekben-erdemes-az-szta-hoz-fordulni\/\" target=\"_blank\" rel=\"noopener\">Milyen esetekben \u00e9rdemes az SZTA-hoz fordulni<\/a>?\u201d, \u00e9s azt is igyeksz\u00fcnk hangs\u00falyozni, hogy egy befektet\u00e9s nem egy egyszeri t\u0151keinjekci\u00f3t, hanem a legt\u00f6bb esetben t\u00f6bb \u00e9ves elk\u00f6telez\u0151d\u00e9st \u00e9s szoros egy\u00fcttm\u0171k\u00f6d\u00e9st jelent mindk\u00e9t f\u00e9l sz\u00e1m\u00e1ra. Teh\u00e1t a <a href=\"https:\/\/szta.hu\/ha-nem-tetszik-ne-irjuk-ala-dontesi-jogok-a-befektetonel\/\" target=\"_blank\" rel=\"noopener\">szerz\u0151d\u00e9st csak akkor \u00edrjuk al\u00e1<\/a>, ha teljes m\u00e9rt\u00e9kben egyet\u00e9rt\u00fcnk a benne foglaltakkal! P\u00e9ld\u00e1ul, hogy \u201e<a href=\"https:\/\/szta.hu\/milyen-dontesi-jogai-vannak-egy-tokebefektetonek\/\" target=\"_blank\" rel=\"noopener\">Milyen d\u00f6nt\u00e9si jogai vannak egy t\u0151kebefektet\u0151nek<\/a>?\u201d, illetve, hogy \u201e<a href=\"https:\/\/szta.hu\/hogyan-valtoztat-meg-egy-ceget-a-tokebefektetes\/\" target=\"_blank\" rel=\"noopener\">Hogyan v\u00e1ltoztat meg egy c\u00e9get a t\u0151kebefektet\u00e9s<\/a>?\u201d.<\/p>\n<p>Ha a k\u00e9t f\u00e9lnek siker\u00fcl megegyezni, a k\u00f6vetkez\u0151 l\u00e9p\u00e9s a felk\u00e9sz\u00fcl\u00e9s az \u00faj m\u0171k\u00f6d\u00e9sre, ugyanis a befektet\u00e9s egy \u00faj \u00f6sszet\u00e9tel\u0171, tapasztalat\u00fa \u00e9s tud\u00e1s\u00fa d\u00f6nt\u00e9shoz\u00f3i k\u00f6rrel j\u00e1r egy\u00fctt. \u00a0A d\u00f6nt\u00e9shozatali folyamatok, a m\u0171k\u00f6d\u00e9si folyamatok vagy a k\u00f6lts\u00e9gvet\u00e9si politika pedig mind v\u00e1ltozhatnak.<\/p>\n<p><strong>J\u00f6jj\u00f6n a toplista!<\/strong><\/p>\n<p>Az olvasotts\u00e1g alapj\u00e1n az elm\u00falt \u00e9vek legn\u00e9pszer\u0171bb bejegyz\u00e9sei az al\u00e1bbiak voltak:<\/p>\n<p><strong><a href=\"https:\/\/szta.hu\/kinek-melyik-crowdfunding-oldalt-erdemes-igenybe-vennie\/\" target=\"_blank\" rel=\"noopener\"><em>Kinek melyik crowdfunding oldalt \u00e9rdemes ig\u00e9nybe vennie?<\/em><\/a><\/strong><\/p>\n<p>A havonta t\u00f6bb milli\u00f3 doll\u00e1ros forgalommal m\u0171k\u00f6d\u0151 n\u00e9pszer\u0171 crowdfunding oldalak nem csak a nyugati vil\u00e1g fejlett orsz\u00e1gai sz\u00e1m\u00e1ra \u00e9rhet\u0151ek el. M\u00e1r t\u00f6bb magyar v\u00e1llalkoz\u00f3 is j\u00f3 p\u00e9ld\u00e1val szolg\u00e1l \u00a0arra, hogy a Kickstarteren vagy az Indiegog\u00f3n is el lehet indulni a siker \u00fatj\u00e1n.<\/p>\n<p><strong><a href=\"https:\/\/szta.hu\/mennyit-er-a-vallalatod-ime-nehany-modszer-az-ertekeleshez-1-resz\/\" target=\"_blank\" rel=\"noopener\"><em>Mennyit \u00e9r a v\u00e1llalatod? \u00cdme n\u00e9h\u00e1ny m\u00f3dszer az \u00e9rt\u00e9kel\u00e9shez (1. r\u00e9sz)<\/em><\/a><\/strong><\/p>\n<p>A v\u00e1llalat\u00e9rt\u00e9kel\u00e9s c\u00e9lja egyr\u00e9szt a befektet\u0151 t\u00e1rsas\u00e1gok \u00e9s mag\u00e1nbefektet\u0151k inform\u00e1l\u00e1sa, m\u00e1sr\u00e9szt sz\u00e1mviteli szempontb\u00f3l is nagy jelent\u0151s\u00e9ggel b\u00edr. B\u00e1r sz\u00e1mtalan m\u00f3dszer ismeretes, ezek t\u00f6bbs\u00e9g\u00e9t n\u00e9gy kateg\u00f3ri\u00e1ba sorolhatjuk, amelyeket r\u00e9szletesen bemutattunk a bejegyz\u00e9sben.<\/p>\n<p><strong><a href=\"https:\/\/szta.hu\/hogyan-talalhatnak-egymasra-a-cegek-es-az-uzleti-angyalok\/\" target=\"_blank\" rel=\"noopener\"><em>Hogyan tal\u00e1lhatnak egym\u00e1sra a c\u00e9gek \u00e9s az \u00fczleti angyalok?<\/em><\/a><\/strong><\/p>\n<p>Az \u00fczleti angyal az a mentor, aki t\u00e1mogatja az alap\u00edt\u00f3kat a megkezdett \u00faton. J\u00f3 h\u00edr, hogy ma m\u00e1r int\u00e9zm\u00e9nyes\u00edtett form\u00e1ban is el\u00e9rhet\u0151 a seg\u00edts\u00e9g.<\/p>\n<p><strong>K\u00f6sz\u00f6nj\u00fck a bizalmat, a j\u00f6v\u0151ben is azon dolgozunk majd, hogy t\u00e1j\u00e9koztassuk olvas\u00f3inkat a piacot \u00e9rint\u0151 szakmai h\u00edrekr\u0151l, esem\u00e9nyekr\u0151l, t\u00e9m\u00e1kr\u00f3l! <\/strong><\/p>\n","protected":false},"featured_media":9422,"template":"","class_list":["post-9392","blog","type-blog","status-publish","has-post-thumbnail","hentry"],"acf":[],"_links":{"self":[{"href":"https:\/\/szta.hu\/en\/wp-json\/wp\/v2\/blog\/9392","targetHints":{"allow":["GET"]}}],"collection":[{"href":"https:\/\/szta.hu\/en\/wp-json\/wp\/v2\/blog"}],"about":[{"href":"https:\/\/szta.hu\/en\/wp-json\/wp\/v2\/types\/blog"}],"wp:featuredmedia":[{"embeddable":true,"href":"https:\/\/szta.hu\/en\/wp-json\/"}],"wp:attachment":[{"href":"https:\/\/szta.hu\/en\/wp-json\/wp\/v2\/media?parent=9392"}],"curies":[{"name":"wp","href":"https:\/\/api.w.org\/{rel}","templated":true}]}}