{"id":9562,"date":"2018-08-22T09:27:12","date_gmt":"2018-08-22T09:27:12","guid":{"rendered":"http:\/\/www.blog.sztateszt.7digits.net\/?post_type=blog&amp;p=9562"},"modified":"2018-08-22T09:27:12","modified_gmt":"2018-08-22T09:27:12","slug":"lesz-e-a-karpat-medencebol-szilicium-volgy-europa-elonyei","status":"publish","type":"blog","link":"https:\/\/szta.hu\/en\/blog\/lesz-e-a-karpat-medencebol-szilicium-volgy-europa-elonyei\/","title":{"rendered":"Lesz-e a K\u00e1rp\u00e1t-medenc\u00e9b\u0151l Szil\u00edcium-v\u00f6lgy? -Eur\u00f3pa el\u0151nyei"},"content":{"rendered":"<p><strong><img fetchpriority=\"high\" decoding=\"async\" class=\"alignleft size-medium wp-image-9552\" src=\"https:\/\/szta.hu\/wp-content\/uploads\/2018\/08\/shutterstock_490125538-300x200.jpg\" alt=\"\" width=\"300\" height=\"200\" \/>Eddig azt gondoltuk, hogy a kontinens h\u00e1tr\u00e1ny\u00e1ra szolg\u00e1l, hogy nincs olyan vil\u00e1grasz\u00f3l\u00f3, kialakult kock\u00e1zati t\u0151kek\u00f6zpontja (hub-ja), mint az Egyes\u00fclt \u00c1llamokban a Szil\u00edcium-v\u00f6lgy. Lehet azonban, hogy ez \u00e9ppen Eur\u00f3pa el\u0151ny\u00e9re v\u00e1lik. Az \u00f6reg kontinensen ugyanis sz\u00e1mos sturt-up hub m\u0171k\u00f6dik: Amszterdam, London, P\u00e1rizs, Stockholm \u00e9s Z\u00fcrich egyar\u00e1nt a technol\u00f3giai fejl\u0151d\u00e9s \u00fajabb hull\u00e1mait lovagolja meg, a fintecht\u0151l a mesters\u00e9ges intelligenci\u00e1n \u00e1t a biotechig \u00e9s a robotik\u00e1ig mindennel k\u00eds\u00e9rletezik. Az eur\u00f3pai kock\u00e1zati t\u0151ke-szektor glob\u00e1lis szinten er\u0151teljes versenyel\u0151nyre tett szert. A Szellemi Tulajdonjog Vil\u00e1gszervezete Sv\u00e1jcot, Sv\u00e9dorsz\u00e1got \u00e9s az Egyes\u00fclt Kir\u00e1lys\u00e1got jegyzi a vil\u00e1g legink\u00e1bb innovat\u00edv orsz\u00e1gaik\u00e9nt, a rangsor els\u0151 t\u00edz helyezettje k\u00f6z\u00f6tt nyolc eur\u00f3pai orsz\u00e1g szerepel.<\/strong><\/p>\n<p>Az eur\u00f3pai r\u00e9szv\u00e9nypiacok egyre nyitottabbak az olyan v\u00e1llalatok r\u00e9szv\u00e9nykibocs\u00e1t\u00e1sai ir\u00e1nt, amelyek m\u00f6g\u00f6tt kock\u00e1zati t\u0151ke \u00e1ll. A kontinens kock\u00e1zati t\u0151ke \u00e1ltal t\u00e1mogatott v\u00e1llalatai n\u00f6vekv\u0151 \u00e9rdekl\u0151d\u00e9st v\u00e1ltanak ki a glob\u00e1lis v\u00e1llalati felv\u00e1s\u00e1rl\u00e1sok ter\u00e9n is. K\u00edna p\u00e9ld\u00e1ul egyre sz\u00edvesebben v\u00e1s\u00e1rol eur\u00f3pai technol\u00f3giai v\u00e1llalatokat.<\/p>\n<p>Az eur\u00f3pai kock\u00e1zati t\u0151kebefektet\u00e9sek melletti legfontosabb \u00e9rv v\u00e9gs\u0151 soron a megt\u00e9r\u00fcl\u00e9s. A British Private Equity &amp; Venture Capital Association k\u00f6zl\u00e9se szerint az Egyes\u00fclt Kir\u00e1lys\u00e1g t\u0151ket\u00e1rsas\u00e1gai \u2013 melyek k\u00f6z\u00fcl sok Eur\u00f3pa-szerte befektet \u2013 13 \u00e9v ut\u00e1n ism\u00e9t megt\u00e9r\u00fcl\u00e9si cs\u00facsot k\u00f6nyvelhettek el 2016-ban.<\/p>\n<p>[post_newsletter title=&#8221;Iratkozzon fel h\u00edrlevel\u00fcnkre!&#8221;][\/post_newsletter]<\/p>\n<p>Mindek\u00f6zben az eur\u00f3pai kock\u00e1zati t\u0151ke-szektor legnagyobb szerepl\u0151je, az Eur\u00f3pai Befektet\u00e9si Alap (European Investment Fund, EIF) 10 \u00e9ves, annualiz\u00e1lt megt\u00e9r\u00fcl\u00e9se (IRRs) 5 sz\u00e1zal\u00e9k volt, \u00f6t \u00e9ves megt\u00e9r\u00fcl\u00e9se 9,5 sz\u00e1zal\u00e9k, m\u00edg h\u00e1rom\u00e9ves megt\u00e9r\u00fcl\u00e9se 12,2 sz\u00e1zal\u00e9k \u2013 ami nem csup\u00e1n er\u0151teljes n\u00f6veked\u00e9sre utal, de kiemelked\u0151en j\u00f3 hozamot is jelent a jelenlegi alacsony hozamk\u00f6rnyezetben. S\u0151t, az EIF 30 legnagyobb alapja 2007 \u00f3ta 27 sz\u00e1zal\u00e9kos nett\u00f3 \u00e1tlaghozamot termelt, vil\u00e1gosan megmutatva, hogy j\u00f3l ir\u00e1nyzott befektet\u00e9sekkel milyen eredm\u00e9nyeket lehet el\u00e9rni.<\/p>\n<p>Akik nincsenek tiszt\u00e1ban az eur\u00f3pai lehet\u0151s\u00e9gekkel, tal\u00e1n elsiklanak azok felett. A GP Bullhound technol\u00f3giai tan\u00e1csad\u00f3 \u00e9s befektet\u00e9si v\u00e1llalat v\u00e9lem\u00e9nye szerint<br \/>\naz eur\u00f3pai technol\u00f3giai c\u00e9gek m\u00e9g mindig alul\u00e9rt\u00e9keltek az amerikaiakhoz k\u00e9pest. Ez az \u00e1raz\u00e1si szakad\u00e9k azonban tart\u00f3san nem maradhat fent. A disztrupt\u00edv ipar\u00e1gakban m\u0171k\u00f6d\u0151 c\u00e9gek<br \/>\nkimagasl\u00f3an nagy megt\u00e9r\u00fcl\u00e9ssel kecsegtetik azt, aki nem k\u00e9si le az eur\u00f3pai vonatot.<\/p>\n<p><script id=\"infogram_0_63bada95-61e9-4802-8aac-a3bdccff1fe8\" title=\"LinkedIn_blog2_HUN\" src=\"https:\/\/e.infogram.com\/js\/dist\/embed.js?iKb\" type=\"text\/javascript\"><\/script><\/p>\n<div style=\"padding: 8px 0; font-family: Arial!important; font-size: 13px!important; line-height: 15px!important; text-align: center; border-top: 1px solid #dadada; margin: 0 30px;\"><\/div>\n<p>K\u00f6vetkezik: K\u00f6z\u00e9p-Eur\u00f3pa lemarad?<\/p>\n","protected":false},"featured_media":9552,"template":"","class_list":["post-9562","blog","type-blog","status-publish","has-post-thumbnail","hentry"],"acf":[],"_links":{"self":[{"href":"https:\/\/szta.hu\/en\/wp-json\/wp\/v2\/blog\/9562","targetHints":{"allow":["GET"]}}],"collection":[{"href":"https:\/\/szta.hu\/en\/wp-json\/wp\/v2\/blog"}],"about":[{"href":"https:\/\/szta.hu\/en\/wp-json\/wp\/v2\/types\/blog"}],"wp:featuredmedia":[{"embeddable":true,"href":"https:\/\/szta.hu\/en\/wp-json\/"}],"wp:attachment":[{"href":"https:\/\/szta.hu\/en\/wp-json\/wp\/v2\/media?parent=9562"}],"curies":[{"name":"wp","href":"https:\/\/api.w.org\/{rel}","templated":true}]}}