{"id":9572,"date":"2018-08-23T14:33:38","date_gmt":"2018-08-23T14:33:38","guid":{"rendered":"http:\/\/www.blog.sztateszt.7digits.net\/?post_type=blog&amp;p=9572"},"modified":"2018-08-23T14:33:38","modified_gmt":"2018-08-23T14:33:38","slug":"uj-dizelmotor-az-audinal-az-axs-sel-terveztek-az-okos-gyartosort","status":"publish","type":"blog","link":"https:\/\/szta.hu\/en\/blog\/uj-dizelmotor-az-audinal-az-axs-sel-terveztek-az-okos-gyartosort\/","title":{"rendered":"\u00daj d\u00edzelmotor az Audin\u00e1l \u2013 az AXS-sel tervezt\u00e9k az okos gy\u00e1rt\u00f3sort"},"content":{"rendered":"<p><strong><img fetchpriority=\"high\" decoding=\"async\" class=\"alignleft size-medium wp-image-9592\" src=\"https:\/\/szta.hu\/wp-content\/uploads\/2018\/08\/shutterstock_587200103-1-300x219.jpg\" alt=\"\" width=\"300\" height=\"219\" \/>Portf\u00f3li\u00f3c\u00e9g\u00fcnk, az AXS Motionsystem Kft. mozdulatelemz\u0151 rendszer\u00e9nek, \u201eszenzorruh\u00e1j\u00e1nak\u201d seg\u00edts\u00e9g\u00e9vel alak\u00edtott\u00e1k ki a gy\u0151ri Audi \u00faj, az ergon\u00f3miai szempontokat maxim\u00e1lisan figyelembe vev\u0151 gy\u00e1rt\u00f3sor\u00e1t. Az Ipar 4.0 ter\u00fclet\u00e9n akt\u00edv magyar v\u00e1llalkoz\u00e1s term\u00e9k\u00e9t az aut\u00f3gy\u00e1r teh\u00e1t egy m\u00e9g kialak\u00edt\u00e1s alatt l\u00e9v\u0151 munkak\u00f6rnyezet optimaliz\u00e1l\u00e1s\u00e1ra haszn\u00e1lta. A napokban elindult 6\u00a0000 n\u00e9gyzetm\u00e9teres soron m\u0171szakonk\u00e9nt 500 darab cs\u00f6kkentett k\u00e1rosanyag-kibocs\u00e1t\u00e1s\u00fa motor k\u00e9sz\u00fcl.<\/strong><\/p>\n<p>Az Audi Hungaria n\u00f6velte motorgy\u00e1rt\u00e1sa term\u00e9kk\u00edn\u00e1lat\u00e1t: a v\u00e1llalatn\u00e1l elindult egy \u00faj fejleszt\u00e9s\u0171, n\u00e9gyhengeres, 2.0 TDI d\u00edzelmotor sorozatgy\u00e1rt\u00e1sa mild-hibrid technol\u00f3gi\u00e1val, amely egy 12 voltos ind\u00edt\u00f3gener\u00e1tornak, valamint egy l\u00edtiumion-akkumul\u00e1tornak k\u00f6sz\u00f6nhet\u0151en jelent\u0151sen cs\u00f6kkenti a k\u00e1rosanyag-kibocs\u00e1t\u00e1st. Az Audi Hungaria els\u0151 alkalommal gy\u00e1rt d\u00edzelmotort ilyen technol\u00f3gi\u00e1val; az \u00faj motor nagy teljes\u00edtm\u00e9ny\u0171, ugyanakkor hat\u00e9kony er\u0151forr\u00e1s. A v\u00e1llalat az \u00faj n\u00e9gyhengeres motorok gy\u00e1rt\u00e1s\u00e1hoz 6 000 n\u00e9gyzetm\u00e9teren egy \u00faj gy\u00e1rt\u00f3sort helyezett \u00fczembe, ahol m\u0171szakonk\u00e9nt 500 motor k\u00e9sz\u00fcl. Az \u00faj gy\u00e1rt\u00f3ter\u00fcleten k\u00f6zel sz\u00e1z munkat\u00e1rs dolgozik.<\/p>\n<p>A gy\u00e1rt\u00f3sor fel\u00e9p\u00edt\u00e9s\u00e9n\u00e9l az Audi Hungaria nagy hangs\u00falyt fektetett az ergon\u00f3mi\u00e1ra. A munkak\u00f6rnyezetet az AXS mozdulatelemz\u0151 ruh\u00e1ja seg\u00edts\u00e9g\u00e9vel elemezt\u00e9k, \u00e9s ennek megfelel\u0151en alak\u00edtott\u00e1k ki. A c\u00e9g Ergon\u00f3miai Ki\u00e9rt\u00e9kel\u0151 Rendszer\u00e9t teh\u00e1t nem csak m\u00e1r elk\u00e9sz\u00fclt gy\u00e1rt\u00f3sorok ut\u00f3lagos ellen\u0151rz\u00e9s\u00e9re haszn\u00e1lj\u00e1k, hanem m\u00e1r a kialak\u00edt\u00e1skor is. Ezzel p\u00e9nzt \u00e9s f\u00e1radts\u00e1got lehet megsp\u00f3rolni, valamint a dolgoz\u00f3k is biztosak lehetnek benne, hogy \u201etesztelt\u201d k\u00f6rnyezetben kezdhetnek dolgozni. (A szenzorruha m\u0171k\u00f6d\u00e9s\u00e9t <a href=\"https:\/\/szta.hu\/video-a-vilagon-egyedulallo-magyar-fejlesztes-tokeletesitheti-az-uzemi-munkahelyeket\/\" target=\"_blank\" rel=\"noopener\">itt<\/a> lehet vide\u00f3n megn\u00e9zni.)<\/p>\n<p><img decoding=\"async\" class=\"size-medium wp-image-9582 aligncenter\" src=\"https:\/\/szta.hu\/wp-content\/uploads\/2018\/08\/axs-300x210.jpg\" alt=\"\" width=\"300\" height=\"210\" \/><\/p>\n<p style=\"text-align: center;\"><em>Forr\u00e1s: Audi<\/em><\/p>\n<p>A gy\u0151ri v\u00e1llalkoz\u00e1sba 2015-ben fektetett 100 milli\u00f3 forintot a Sz\u00e9chenyi T\u0151kebefektet\u00e9si Alap. K\u00f6vetkez\u0151 \u201enagy dob\u00e1suk\u201d a Virtu\u00e1lis Ki\u00e9rt\u00e9kel\u0151 \u00e9s Betan\u00edt\u00f3 Rendszer lesz, amelynek seg\u00edts\u00e9g\u00e9vel a m\u00e9g csak a \u201erajzasztalon\u201d, 3D-s modellk\u00e9nt l\u00e9tez\u0151 gy\u00e1rt\u00f3sort virtu\u00e1lis t\u00e9rben val\u00f3s dolgoz\u00f3val lehet tesztelni \u00e9s optimaliz\u00e1lni, majd a munkafolyamatokat a dolgoz\u00f3knak betan\u00edtani. \u00cdgy ak\u00e1r eur\u00f3sz\u00e1zezrek sp\u00f3rolhat\u00f3k meg, mik\u00f6zben a majdani koll\u00e9g\u00e1k j\u00e1t\u00e9kosan tudj\u00e1k elsaj\u00e1t\u00edtani a feladataikat, a motorikus mem\u00f3ri\u00e1ba szinte beleiv\u00f3dik a munkafolyamat.<\/p>\n<p>[post_newsletter title=&#8221;Iratkozzon fel h\u00edrlevel\u00fcnkre!&#8221;][\/post_newsletter]<\/p>\n<p>Az Ipar 4.0 ter\u00fclet\u00e9n m\u0171k\u00f6d\u0151 v\u00e1llalkoz\u00e1sok t\u0151ke\u00e1gi finansz\u00edroz\u00e1s\u00e1nak biztos\u00edt\u00e1sa kiemelt c\u00e9lja az Irinyi II. Kock\u00e1zati T\u0151kealapnak, amelyr\u0151l b\u0151vebben <a href=\"https:\/\/www.irinyi.sztateszt.7digits.net\/alapinformacio\/\" target=\"_blank\" rel=\"noopener nofollow\">itt<\/a> t\u00e1j\u00e9koz\u00f3dhat.<\/p>\n","protected":false},"featured_media":9592,"template":"","class_list":["post-9572","blog","type-blog","status-publish","has-post-thumbnail","hentry"],"acf":[],"_links":{"self":[{"href":"https:\/\/szta.hu\/en\/wp-json\/wp\/v2\/blog\/9572","targetHints":{"allow":["GET"]}}],"collection":[{"href":"https:\/\/szta.hu\/en\/wp-json\/wp\/v2\/blog"}],"about":[{"href":"https:\/\/szta.hu\/en\/wp-json\/wp\/v2\/types\/blog"}],"wp:featuredmedia":[{"embeddable":true,"href":"https:\/\/szta.hu\/en\/wp-json\/"}],"wp:attachment":[{"href":"https:\/\/szta.hu\/en\/wp-json\/wp\/v2\/media?parent=9572"}],"curies":[{"name":"wp","href":"https:\/\/api.w.org\/{rel}","templated":true}]}}