{"id":9972,"date":"2018-09-11T19:05:47","date_gmt":"2018-09-11T17:05:47","guid":{"rendered":"http:\/\/www.blog.sztateszt.7digits.net\/?post_type=blog&amp;p=9972"},"modified":"2018-09-11T19:05:47","modified_gmt":"2018-09-11T17:05:47","slug":"miert-valasszon-kockazati-toket","status":"publish","type":"blog","link":"https:\/\/szta.hu\/en\/blog\/miert-valasszon-kockazati-toket\/","title":{"rendered":"Mi\u00e9rt v\u00e1lasszon kock\u00e1zati t\u0151k\u00e9t?"},"content":{"rendered":"<p><strong><img fetchpriority=\"high\" decoding=\"async\" class=\"alignleft size-medium wp-image-9962\" src=\"https:\/\/szta.hu\/wp-content\/uploads\/2018\/09\/KMVA_Mi\u00e9rt-v\u00e1lasszon-kock\u00e1zati-t\u0151k\u00e9t-300x300.jpg\" alt=\"\" width=\"300\" height=\"300\" \/>Szeretn\u00e9 felturb\u00f3zni c\u00e9g\u00e9t \u00e9s befektet\u0151t\u00e1rsat keres hossz\u00fa t\u00e1vra? Vagy indul\u00f3 finansz\u00edroz\u00e1sra \u00e9s szak\u00e9rtelemre van sz\u00fcks\u00e9ge ahhoz, hogy sz\u00fclet\u0151-f\u00e9lben l\u00e9v\u0151 v\u00e1llalkoz\u00e1s\u00e1t befut\u00f3v\u00e1 tegye? \u00c9ppen erre a helyzetre tal\u00e1lt\u00e1k ki a kock\u00e1zati t\u0151k\u00e9t.<\/strong><\/p>\n<p>A kock\u00e1zati t\u0151ke olyan p\u00e9nz\u00fcgyi forr\u00e1s, amely jellemz\u0151en jelent\u0151s n\u00f6veked\u00e9si potenci\u00e1lt mutat\u00f3, f\u0151k\u00e9nt innovat\u00edv szektorokban m\u0171k\u00f6d\u0151 c\u00e9gekbe fektet, ezzel seg\u00edtve piaci n\u00f6veked\u00e9s\u00fcket. A t\u0151kebefektet\u00e9s k\u00e9tf\u00e9le szerepet j\u00e1tszhat a v\u00e1llalkoz\u00e1s \u00e9let\u00e9ben. Az operat\u00edv, m\u0171k\u00f6d\u00e9st el\u0151seg\u00edt\u0151 kock\u00e1zati t\u0151kebefektet\u0151 testreszabott t\u00e1mogat\u00e1st ny\u00fajt a c\u00e9geknek onnan kezdve, hogy seg\u00edt pontos\u00edtani a strat\u00e9gi\u00e1t, az \u00faj term\u00e9k vagy szolg\u00e1ltat\u00e1s fejleszt\u00e9s\u00e9vel kereskedelmi forgalomba helyezni az innov\u00e1ci\u00f3t, valamint a c\u00e9g \u00fczlet\u00e9t a glob\u00e1lis piacon bevezetni. A passz\u00edv, p\u00e9nz\u00fcgyi befektet\u0151 nem k\u00edv\u00e1n r\u00e9szt venni az \u00fczleti folyamatok el\u0151re lend\u00edt\u00e9s\u00e9ben, megel\u00e9gszik a kontrolljogokkal.<\/p>\n<p>A Sz\u00e9chenyi T\u0151kealap-kezel\u0151 Zrt. \u00e1ltal kezelt alapok (k\u00f6zt\u00fck a K\u00e1rp\u00e1t-medencei V\u00e1llalkoz\u00e1sfejleszt\u00e9si Kock\u00e1zati T\u0151kealap) ez ut\u00f3bbi, p\u00e9nz\u00fcgyi t\u00edpus\u00fa befektet\u0151k, akik a v\u00e1llalkoz\u00e1s n\u00f6veked\u00e9s\u00e9ben \u00e9s sikeres exitekben \u00e9rdekeltek, de kontroll\u00e1lni \u00e9s nem vezetni k\u00edv\u00e1nj\u00e1k a folyamatokat.<\/p>\n<p>[post_newsletter title=&#8221;Iratkozzon fel h\u00edrlevel\u00fcnkre!&#8221;][\/post_newsletter]<\/p>\n<p>Ami a K\u00e1rp\u00e1t-medencei V\u00e1llalkoz\u00e1sfejleszt\u00e9si Kock\u00e1zati T\u0151kealapot megk\u00fcl\u00f6nb\u00f6zteti versenyt\u00e1rsait\u00f3l:<\/p>\n<p>A KMVA els\u0151dleges c\u00e9lja a Magyarorsz\u00e1ggal szomsz\u00e9dos orsz\u00e1gok v\u00e1llalkoz\u00e1sai k\u00f6z\u00f6tti kapcsolat er\u0151s\u00edt\u00e9se, amely sor\u00e1n olyan magyarorsz\u00e1gi c\u00e9gekbe fektet be, amelyek haz\u00e1nkb\u00f3l k\u00edv\u00e1nnak a szomsz\u00e9dos h\u00e9t orsz\u00e1gban terjeszkedni vagy jelenleg is a Magyarorsz\u00e1ggal szomsz\u00e9dos orsz\u00e1gban m\u0171k\u00f6dnek \u00e9s Magyarorsz\u00e1gra k\u00edv\u00e1nnak f\u00f3kusz\u00e1lni \u2013 legal\u00e1bb egy fi\u00f3kteleppel vagy egy\u00e9b tev\u00e9kenys\u00e9ggel. Ak\u00e1r ered\u0151en magyarorsz\u00e1gi, ak\u00e1r hat\u00e1ron t\u00fali c\u00e9gr\u0151l van sz\u00f3, a befektet\u00e9sek valamennyi esetben Magyarorsz\u00e1gon val\u00f3sulnak meg.<\/p>\n<p>A befektet\u00e9s legfontosabb sarokpontjai:<\/p>\n<ul>\n<li>Kock\u00e1zati t\u0151kebefektet\u0151k\u00e9nt a c\u00e9g r\u00e9sztulajdonos\u00e1v\u00e1 v\u00e1lunk, t\u0151keemel\u00e9ssel szerz\u00fcnk tulajdonr\u00e9szt.<\/li>\n<li>Nem fedezet alap\u00fa banki hitelez\u00e9sben gondolkodunk, hanem k\u00f6z\u00f6s kock\u00e1zatv\u00e1llal\u00e1son alapul\u00f3 t\u0151kebefektet\u00e9sben.<\/li>\n<li>Nem v\u00e1lunk egy c\u00e9g t\u00f6bbs\u00e9gi tulajdonos\u00e1v\u00e1, ink\u00e1bb a kisebbs\u00e9gben szeretn\u00e9nk maradni (megfelel\u0151 garanci\u00e1lis jogok kik\u00f6t\u00e9se mellett)<\/li>\n<li>A v\u00e1llalkoz\u00e1s ir\u00e1ny\u00edt\u00e1sa az alap\u00edt\u00f3k kez\u00e9ben marad, a KMVA csendest\u00e1rsk\u00e9nt viselkedik, meghat\u00e1rozott adatszolg\u00e1ltat\u00e1st \u00e9s kontrolljogokat v\u00e1r el.<\/li>\n<li>Hozamelv\u00e1r\u00e1sunkat az ipar\u00e1gi benchmarkhoz igaz\u00edtjuk<\/li>\n<li>Hangs\u00falyt helyez\u00fcnk arra, hogy lehet\u0151s\u00e9g szerint az alap\u00edt\u00f3 tulajdonosok 3-5 \u00e9v ut\u00e1n kiv\u00e1s\u00e1rolhass\u00e1k tulajdonr\u00e9sz\u00fcnket.<\/li>\n<\/ul>\n<p>&nbsp;<\/p>\n","protected":false},"featured_media":9962,"template":"","class_list":["post-9972","blog","type-blog","status-publish","has-post-thumbnail","hentry"],"acf":[],"_links":{"self":[{"href":"https:\/\/szta.hu\/en\/wp-json\/wp\/v2\/blog\/9972","targetHints":{"allow":["GET"]}}],"collection":[{"href":"https:\/\/szta.hu\/en\/wp-json\/wp\/v2\/blog"}],"about":[{"href":"https:\/\/szta.hu\/en\/wp-json\/wp\/v2\/types\/blog"}],"wp:featuredmedia":[{"embeddable":true,"href":"https:\/\/szta.hu\/en\/wp-json\/"}],"wp:attachment":[{"href":"https:\/\/szta.hu\/en\/wp-json\/wp\/v2\/media?parent=9972"}],"curies":[{"name":"wp","href":"https:\/\/api.w.org\/{rel}","templated":true}]}}