{"id":19325,"date":"2022-03-28T06:47:06","date_gmt":"2022-03-28T04:47:06","guid":{"rendered":"https:\/\/szta.hu\/?p=19325"},"modified":"2023-03-28T14:58:28","modified_gmt":"2023-03-28T12:58:28","slug":"rekordok-a-glosternel-nagyot-nott-tavaly-a-vallalat","status":"publish","type":"post","link":"https:\/\/szta.hu\/en\/2022\/03\/28\/rekordok-a-glosternel-nagyot-nott-tavaly-a-vallalat\/","title":{"rendered":"Rekordok a Glostern\u00e9l, nagyot n\u0151tt tavaly a v\u00e1llalat"},"content":{"rendered":"<p><strong>A Gloster \u2013 melynek 2020 \u00f3ta legnagyobb befektet\u0151je a Sz\u00e9chenyi Alapok \u2013 bev\u00e9tele \u00e9s EBITDA-ja is t\u00f6bb mint k\u00e9tszeres\u00e9re n\u0151tt tavaly az el\u0151z\u0151 \u00e9vihez k\u00e9pest, az ad\u00f3zott eredm\u00e9ny pedig k\u00e9t \u00e9s f\u00e9lszeres\u00e9re b\u0151v\u00fclt.<\/strong><\/p>\n<p>A Gloster \u00e1rbev\u00e9tele 217 sz\u00e1zal\u00e9kkal \u00faj rekordszintre, 5 milli\u00e1rd forintra b\u0151v\u00fclt, ad\u00f3zott eredm\u00e9ny 256 sz\u00e1zal\u00e9kkal 416 milli\u00f3 forintra emelkedett.<\/p>\n<p>Tov\u00e1bb javult az \u00e1rbev\u00e9tel szerkezete, a bev\u00e9telek 54 sz\u00e1zal\u00e9ka meg\u00fajul\u00f3 \u00e1rbev\u00e9tel \u00e9s m\u00e1r 23 sz\u00e1zal\u00e9ka k\u00fclf\u00f6ldr\u0151l sz\u00e1rmazik.<\/p>\n<p>A profitot a Gloster az eredm\u00e9nytartal\u00e9kban eddig felhalmozott \u00f6sszeggel egy\u00fctt a meghirdetett n\u00f6veked\u00e9si strat\u00e9gi\u00e1j\u00e1nak megval\u00f3s\u00edt\u00e1s\u00e1ra k\u00edv\u00e1nja ford\u00edtani. A strat\u00e9gia a 2021-es p\u00e9nz\u00fcgyi eredm\u00e9nyek n\u00e9gyszerez\u00e9s\u00e9t t\u0171zte ki c\u00e9lul n\u00e9gy \u00e9v alatt, melyet az organikus fejl\u0151d\u00e9sen t\u00fal, tov\u00e1bbi, \u00edg\u00e9retes n\u00f6veked\u00e9s el\u0151tt \u00e1ll\u00f3 t\u00e1rsas\u00e1gok akviz\u00edci\u00f3j\u00e1n \u00e1t tervez megval\u00f3s\u00edtani a v\u00e1llalat.<\/p>\n<p>A Gloster alkalmazotti l\u00e9tsz\u00e1ma a 2020 v\u00e9gi 53-r\u00f3l tavaly \u00e9v v\u00e9g\u00e9re 123 f\u0151re emelkedett.<\/p>\n<p>2022. els\u0151 negyed\u00e9v\u00e9ben a vil\u00e1gban megtapasztalt v\u00e1ltoz\u00e1sokat tekintve a kapacit\u00e1shi\u00e1ny vagy beruh\u00e1z\u00e1si elv\u00e1r\u00e1sok miatt jelent\u0151sen n\u00f6vekv\u0151 \u00fczleti ig\u00e9nyek megval\u00f3s\u00edt\u00e1s\u00e1ra most a r\u00e9gi\u00f3 \u2013 k\u00f6zt\u00fcnk haz\u00e1nk \u2013 IT szolg\u00e1ltat\u00f3in\u00e1l is kopogtatnak a k\u00fclf\u00f6ldi megrendel\u0151k, amely tov\u00e1bb fokozza a keresletet \u00e9s emeli az \u00e1rakat. A felh\u0151 \u00fczlet\u00e1gban \u00e9vi 20 sz\u00e1zal\u00e9kos, a k\u00fclf\u00f6ldi szoftverfejleszt\u00e9sben \u00e9vi 25 sz\u00e1zal\u00e9kos n\u00f6veked\u00e9st v\u00e1r a c\u00e9gcsoport menedzsmentje.<\/p>\n<p>Az eredm\u00e9nyeket term\u00e9szetesen a <a href=\"https:\/\/www.portfolio.hu\/uzlet\/20220325\/ugrik-a-gloster-arfolyama-535469\" rel=\"nofollow noopener\" target=\"_blank\">t\u0151zsde is jelent\u0151s \u00e1rfolyamemelked\u00e9ssel jutalmazza<\/a>.<\/p>","protected":false},"excerpt":{"rendered":"<p>A Gloster \u2013 melynek 2020 \u00f3ta legnagyobb befektet\u0151je a Sz\u00e9chenyi Alapok \u2013 bev\u00e9tele \u00e9s EBITDA-ja is t\u00f6bb mint k\u00e9tszeres\u00e9re n\u0151tt tavaly az el\u0151z\u0151 \u00e9vihez k\u00e9pest, az ad\u00f3zott eredm\u00e9ny pedig k\u00e9t \u00e9s f\u00e9lszeres\u00e9re b\u0151v\u00fclt. A Gloster \u00e1rbev\u00e9tele 217 sz\u00e1zal\u00e9kkal \u00faj rekordszintre, 5 milli\u00e1rd forintra b\u0151v\u00fclt, ad\u00f3zott eredm\u00e9ny 256 sz\u00e1zal\u00e9kkal 416 milli\u00f3 forintra emelkedett. Tov\u00e1bb javult az [&hellip;]<\/p>\n","protected":false},"author":3,"featured_media":19327,"comment_status":"closed","ping_status":"open","sticky":false,"template":"","format":"standard","meta":{"_acf_changed":false,"footnotes":""},"categories":[3],"tags":[],"class_list":["post-19325","post","type-post","status-publish","format-standard","has-post-thumbnail","hentry","category-hirek"],"acf":[],"_links":{"self":[{"href":"https:\/\/szta.hu\/en\/wp-json\/wp\/v2\/posts\/19325","targetHints":{"allow":["GET"]}}],"collection":[{"href":"https:\/\/szta.hu\/en\/wp-json\/wp\/v2\/posts"}],"about":[{"href":"https:\/\/szta.hu\/en\/wp-json\/wp\/v2\/types\/post"}],"author":[{"embeddable":true,"href":"https:\/\/szta.hu\/en\/wp-json\/wp\/v2\/users\/3"}],"replies":[{"embeddable":true,"href":"https:\/\/szta.hu\/en\/wp-json\/wp\/v2\/comments?post=19325"}],"version-history":[{"count":1,"href":"https:\/\/szta.hu\/en\/wp-json\/wp\/v2\/posts\/19325\/revisions"}],"predecessor-version":[{"id":19848,"href":"https:\/\/szta.hu\/en\/wp-json\/wp\/v2\/posts\/19325\/revisions\/19848"}],"wp:featuredmedia":[{"embeddable":true,"href":"https:\/\/szta.hu\/en\/wp-json\/"}],"wp:attachment":[{"href":"https:\/\/szta.hu\/en\/wp-json\/wp\/v2\/media?parent=19325"}],"wp:term":[{"taxonomy":"category","embeddable":true,"href":"https:\/\/szta.hu\/en\/wp-json\/wp\/v2\/categories?post=19325"},{"taxonomy":"post_tag","embeddable":true,"href":"https:\/\/szta.hu\/en\/wp-json\/wp\/v2\/tags?post=19325"}],"curies":[{"name":"wp","href":"https:\/\/api.w.org\/{rel}","templated":true}]}}